{"id":5265,"date":"2026-01-08T13:56:05","date_gmt":"2026-01-08T16:56:05","guid":{"rendered":"https:\/\/elpueblonoticia.com.ar\/web\/?p=5265"},"modified":"2026-01-08T13:56:05","modified_gmt":"2026-01-08T16:56:05","slug":"municipalidad-de-goya-lleva-adelante-obras-de-bacheo-en-distintos-puntos-de-la-ciudad","status":"publish","type":"post","link":"https:\/\/elpueblonoticia.com.ar\/web\/2026\/01\/08\/municipalidad-de-goya-lleva-adelante-obras-de-bacheo-en-distintos-puntos-de-la-ciudad\/","title":{"rendered":"Municipalidad de Goya lleva adelante obras de bacheo en distintos puntos de la ciudad"},"content":{"rendered":"<p>La secretar\u00eda de Obras P\u00fablicas y Servicios se encuentra trabajando en varios frentes de obra, tanto en barrios como en zona del centro de la ciudad.\u00a0Se finaliz\u00f3 bacheo y se habilit\u00f3 el tr\u00e1nsito (en su totalidad) vehicular en intersecci\u00f3n de calles Corrientes y Agust\u00edn P. Justo. Asimismo, se repara tramo de calle Baibiene, entre 9 de Julio y Corrientes, interrumpido el tr\u00e1nsito.\u00a0Se finaliz\u00f3 obra de bacheo en Uruguay y Mitre.<\/p>\n<p><strong>REPARACI\u00d3N DE LOSAS DE HORMIG\u00d3N \u00a0\u00a0\u00a0<\/strong><\/p>\n<p>Adem\u00e1s, se llevan adelante reparaci\u00f3n de losas de hormig\u00f3n armado, en algunos casos de mayor dimensi\u00f3n, como calle Baibiene, que es motivo de la interrupci\u00f3n del tr\u00e1nsito en esta cuadra.<\/p>\n<p>Otros frentes de obras son Scofano y Per\u00fa, Espa\u00f1a y 9 de Julio, Blas Lucioni y Jujuy, 9 de Julio casi Entre R\u00edos, Mitre y \u00c1ngel Soto entre otras.<\/p>\n<p><strong>CORTES DE PASTOS<\/strong><\/p>\n<p>Las cuadrillas municipales realizan tareas de mantenimiento en espacios p\u00fablicos. Se interviene en espacios verdes de los barrios y diferentes sectores de la ciudad.<\/p>\n","protected":false},"excerpt":{"rendered":"<p>La secretar\u00eda de Obras P\u00fablicas y Servicios se encuentra trabajando en varios frentes de obra, tanto en barrios como en zona del centro de la ciudad.\u00a0Se finaliz\u00f3 bacheo y se habilit\u00f3 el tr\u00e1nsito (en su totalidad) vehicular en intersecci\u00f3n de calles Corrientes y Agust\u00edn P. Justo. Asimismo, se repara tramo de calle Baibiene, entre 9 [&hellip;]<\/p>\n","protected":false},"author":2,"featured_media":5266,"comment_status":"open","ping_status":"open","sticky":false,"template":"","format":"standard","meta":{"footnotes":""},"categories":[56],"tags":[],"class_list":{"0":"post-5265","1":"post","2":"type-post","3":"status-publish","4":"format-standard","5":"has-post-thumbnail","7":"category-locales"},"_links":{"self":[{"href":"https:\/\/elpueblonoticia.com.ar\/web\/wp-json\/wp\/v2\/posts\/5265","targetHints":{"allow":["GET"]}}],"collection":[{"href":"https:\/\/elpueblonoticia.com.ar\/web\/wp-json\/wp\/v2\/posts"}],"about":[{"href":"https:\/\/elpueblonoticia.com.ar\/web\/wp-json\/wp\/v2\/types\/post"}],"author":[{"embeddable":true,"href":"https:\/\/elpueblonoticia.com.ar\/web\/wp-json\/wp\/v2\/users\/2"}],"replies":[{"embeddable":true,"href":"https:\/\/elpueblonoticia.com.ar\/web\/wp-json\/wp\/v2\/comments?post=5265"}],"version-history":[{"count":1,"href":"https:\/\/elpueblonoticia.com.ar\/web\/wp-json\/wp\/v2\/posts\/5265\/revisions"}],"predecessor-version":[{"id":5267,"href":"https:\/\/elpueblonoticia.com.ar\/web\/wp-json\/wp\/v2\/posts\/5265\/revisions\/5267"}],"wp:featuredmedia":[{"embeddable":true,"href":"https:\/\/elpueblonoticia.com.ar\/web\/wp-json\/wp\/v2\/media\/5266"}],"wp:attachment":[{"href":"https:\/\/elpueblonoticia.com.ar\/web\/wp-json\/wp\/v2\/media?parent=5265"}],"wp:term":[{"taxonomy":"category","embeddable":true,"href":"https:\/\/elpueblonoticia.com.ar\/web\/wp-json\/wp\/v2\/categories?post=5265"},{"taxonomy":"post_tag","embeddable":true,"href":"https:\/\/elpueblonoticia.com.ar\/web\/wp-json\/wp\/v2\/tags?post=5265"}],"curies":[{"name":"wp","href":"https:\/\/api.w.org\/{rel}","templated":true}]}}