{"id":5262,"date":"2026-01-08T13:54:37","date_gmt":"2026-01-08T16:54:37","guid":{"rendered":"https:\/\/elpueblonoticia.com.ar\/web\/?p=5262"},"modified":"2026-01-08T13:54:37","modified_gmt":"2026-01-08T16:54:37","slug":"el-calendario-cultural-y-turistico-de-corrientes-para-visitar-la-provincia-en-el-verano","status":"publish","type":"post","link":"https:\/\/elpueblonoticia.com.ar\/web\/2026\/01\/08\/el-calendario-cultural-y-turistico-de-corrientes-para-visitar-la-provincia-en-el-verano\/","title":{"rendered":"El calendario cultural y tur\u00edstico de Corrientes para visitar la provincia en el verano."},"content":{"rendered":"<p>La provincia de Corrientes ofrece un calendario tur\u00edstico para visitar este verano en el que se destacan sus aclamadas fiestas de chamam\u00e9 y carnaval, pero tambi\u00e9n otros eventos culturales de una tierra que ofrece atractivos como playas en los r\u00edos Paran\u00e1, Uruguay y lagunas, adem\u00e1s del turismo de naturaleza en los Esteros del Iber\u00e1.<\/p>\n<p><span lang=\"ES-AR\">El calendario tiene este mi\u00e9rcoles 7 la Velada de la Cruz Peregrina de Antonio Gil en el Centro Cultural de Mercedes. El cronograma contin\u00faa el jueves 8 con la peregrinaci\u00f3n, misa y caravanas en honor al mismo referente popular en dicha localidad.<\/span><\/p>\n<p><strong>Chamam\u00e9 y Festivales Tradicionales<\/strong><\/p>\n<ul>\n<li><strong><span lang=\"ES-AR\">Fiesta del Chamam\u00e9 y la Cultura Popular:<\/span><\/strong><span lang=\"ES-AR\">\u00a0Se realizar\u00e1 en Mercedes del 8 al 11 de enero en el Anfiteatro Municipal Juli\u00e1n Zini.<\/span><\/li>\n<li><strong><span lang=\"ES-AR\">Fiesta Nacional del Chamam\u00e9:<\/span><\/strong><span lang=\"ES-AR\">\u00a0La edici\u00f3n 2026 tendr\u00e1 lugar en el Anfiteatro Cocomarola de la ciudad de Corrientes, del 16 al 25 de enero.<\/span><\/li>\n<li><strong><span lang=\"ES-AR\">Festival Nacional del Aut\u00e9ntico Chamam\u00e9 Tradicional:<\/span><\/strong><span lang=\"ES-AR\">\u00a0Se desarrollar\u00e1 en Mburucuy\u00e1 los d\u00edas 6, 7 y 8 de febrero.<\/span><\/li>\n<li><strong><span lang=\"ES-AR\">11\u00b0 Festival Provincial del Mango:<\/span><\/strong><span lang=\"ES-AR\">\u00a0Tendr\u00e1 lugar en Santa Ana de los Gu\u00e1caras los d\u00edas 30 y 31 de enero.<\/span><\/li>\n<li><strong><span lang=\"ES-AR\">Festival Provincial del Yatay:<\/span><\/strong><span lang=\"ES-AR\">\u00a0Se llevar\u00e1 a cabo en el Balneario y Camping El Para\u00edso, en Mantilla, los d\u00edas 13 y 14 de febrero.<\/span><\/li>\n<\/ul>\n<p><strong>Carnavales de la Provincia<\/strong><\/p>\n<ul>\n<li><strong><span lang=\"ES-AR\">Capital:<\/span><\/strong><span lang=\"ES-AR\">\u00a0El Carnaval de Corrientes se desarrollar\u00e1 en el Cors\u00f3dromo Nolo Al\u00edas desde el 31 de enero hasta el 28 de febrero. Los Show de Comparsas ser\u00e1n los d\u00edas 4, 8 y 11 de febrero en el Anfiteatro Cocomarola. El Duelo de Bater\u00eda se realizar\u00e1 el 22 de febrero y la Elecci\u00f3n de Embajadores el 26 del mismo mes.<\/span><\/li>\n<li><strong><span lang=\"ES-AR\">Mantilla:<\/span><\/strong><span lang=\"ES-AR\">\u00a0Desfiles los d\u00edas 16, 17, 23 y 24 de enero.<\/span><\/li>\n<li><strong><span lang=\"ES-AR\">Itat\u00ed:<\/span><\/strong><span lang=\"ES-AR\">\u00a0Jornadas los d\u00edas 16, 17, 23, 24, 30 y 31 de enero.<\/span><\/li>\n<li><strong><span lang=\"ES-AR\">Monte Caseros:<\/span><\/strong><span lang=\"ES-AR\">\u00a0Fechas programadas para el 17, 24 y 31 de enero, y el 7, 13 y 14 de febrero.<\/span><\/li>\n<li><strong><span lang=\"ES-AR\">Bella Vista:<\/span><\/strong><span lang=\"ES-AR\">\u00a0Se realizar\u00e1n el 17, 24 y 31 de enero.<\/span><\/li>\n<li><strong><span lang=\"ES-AR\">Ituzaing\u00f3:<\/span><\/strong><span lang=\"ES-AR\">\u00a0Desfiles el 17, 24 y 31 de enero, con el cierre el 7 de febrero.<\/span><\/li>\n<li><strong><span lang=\"ES-AR\">Esquina:<\/span><\/strong><span lang=\"ES-AR\">\u00a0Actividades el 17, 24 y 31 de enero, y el 7 de febrero.<\/span><\/li>\n<li><strong><span lang=\"ES-AR\">Goya:<\/span><\/strong><span lang=\"ES-AR\">\u00a0Se llevar\u00e1n a cabo en el Predio Costa Surub\u00ed los d\u00edas 17, 24 y 31 de enero, y el 7 de febrero.<\/span><\/li>\n<li><strong><span lang=\"ES-AR\">Mercedes:<\/span><\/strong><span lang=\"ES-AR\">\u00a0El Carnaval del Iber\u00e1 tendr\u00e1 lugar el 24 y 31 de enero, y el 7 y 14 de febrero.<\/span><\/li>\n<li><strong><span lang=\"ES-AR\">Santo Tom\u00e9:<\/span><\/strong><span lang=\"ES-AR\">\u00a0Jornadas el 31 de enero y los d\u00edas 7 y 14 de febrero.<\/span><\/li>\n<li><strong><span lang=\"ES-AR\">Santa Rosa:<\/span><\/strong><span lang=\"ES-AR\">\u00a0Desfiles el 31 de enero y los d\u00edas 1, 7, 8 y 15 de febrero.<\/span><\/li>\n<li><strong><span lang=\"ES-AR\">Curuz\u00fa Cuati\u00e1:<\/span><\/strong><span lang=\"ES-AR\">\u00a0Comienzo el 31 de enero y continuidad el 6, 7 y 14 de febrero.<\/span><\/li>\n<li><strong><span lang=\"ES-AR\">Paso de los Libres:<\/span><\/strong><span lang=\"ES-AR\">\u00a0Fechas el 31 de enero y los d\u00edas 7, 14 y 15 de febrero.<\/span><\/li>\n<li><strong><span lang=\"ES-AR\">Ca\u00e1 Cat\u00ed:<\/span><\/strong><span lang=\"ES-AR\">\u00a0Se realizar\u00e1n en el Cors\u00f3dromo Chiquito Mart\u00ednez los d\u00edas 7, 14, 15 y 16 de febrero.<\/span><\/li>\n<li><strong><span lang=\"ES-AR\">Loreto:<\/span><\/strong><span lang=\"ES-AR\">\u00a0Jornadas los d\u00edas 15, 16, 20 y 21 de febrero.<\/span><\/li>\n<\/ul>\n<p><strong>Eventos N\u00e1uticos, Deportivos y Recreativos<\/strong><\/p>\n<ul>\n<li><strong><span lang=\"ES-AR\">Fiesta del Balneario:<\/span><\/strong><span lang=\"ES-AR\">\u00a0En Ca\u00e1 Cat\u00ed, se realizar\u00e1 el 31 de enero y el 1 de febrero en el balneario municipal.<\/span><\/li>\n<li><strong><span lang=\"ES-AR\">39\u00b0 Fiesta Nacional del Pac\u00fa:<\/span><\/strong><span lang=\"ES-AR\">\u00a0En Esquina, se desarrollar\u00e1 del 8 al 15 de febrero.\u00a0<\/span>El torneo de pesca est\u00e1 programado para el s\u00e1bado 14.<\/li>\n<li><strong><span lang=\"ES-AR\">Torneo Corrientes Diversa:<\/span><\/strong><span lang=\"ES-AR\">\u00a0Se llevar\u00e1 a cabo en la ciudad de Corrientes del 16 al 18 de febrero.<\/span><\/li>\n<\/ul>\n","protected":false},"excerpt":{"rendered":"<p>La provincia de Corrientes ofrece un calendario tur\u00edstico para visitar este verano en el que se destacan sus aclamadas fiestas de chamam\u00e9 y carnaval, pero tambi\u00e9n otros eventos culturales de una tierra que ofrece atractivos como playas en los r\u00edos Paran\u00e1, Uruguay y lagunas, adem\u00e1s del turismo de naturaleza en los Esteros del Iber\u00e1. El [&hellip;]<\/p>\n","protected":false},"author":2,"featured_media":5263,"comment_status":"open","ping_status":"open","sticky":false,"template":"","format":"standard","meta":{"footnotes":""},"categories":[72],"tags":[],"class_list":{"0":"post-5262","1":"post","2":"type-post","3":"status-publish","4":"format-standard","5":"has-post-thumbnail","7":"category-provinciales"},"_links":{"self":[{"href":"https:\/\/elpueblonoticia.com.ar\/web\/wp-json\/wp\/v2\/posts\/5262","targetHints":{"allow":["GET"]}}],"collection":[{"href":"https:\/\/elpueblonoticia.com.ar\/web\/wp-json\/wp\/v2\/posts"}],"about":[{"href":"https:\/\/elpueblonoticia.com.ar\/web\/wp-json\/wp\/v2\/types\/post"}],"author":[{"embeddable":true,"href":"https:\/\/elpueblonoticia.com.ar\/web\/wp-json\/wp\/v2\/users\/2"}],"replies":[{"embeddable":true,"href":"https:\/\/elpueblonoticia.com.ar\/web\/wp-json\/wp\/v2\/comments?post=5262"}],"version-history":[{"count":1,"href":"https:\/\/elpueblonoticia.com.ar\/web\/wp-json\/wp\/v2\/posts\/5262\/revisions"}],"predecessor-version":[{"id":5264,"href":"https:\/\/elpueblonoticia.com.ar\/web\/wp-json\/wp\/v2\/posts\/5262\/revisions\/5264"}],"wp:featuredmedia":[{"embeddable":true,"href":"https:\/\/elpueblonoticia.com.ar\/web\/wp-json\/wp\/v2\/media\/5263"}],"wp:attachment":[{"href":"https:\/\/elpueblonoticia.com.ar\/web\/wp-json\/wp\/v2\/media?parent=5262"}],"wp:term":[{"taxonomy":"category","embeddable":true,"href":"https:\/\/elpueblonoticia.com.ar\/web\/wp-json\/wp\/v2\/categories?post=5262"},{"taxonomy":"post_tag","embeddable":true,"href":"https:\/\/elpueblonoticia.com.ar\/web\/wp-json\/wp\/v2\/tags?post=5262"}],"curies":[{"name":"wp","href":"https:\/\/api.w.org\/{rel}","templated":true}]}}