{"id":5259,"date":"2026-01-08T13:53:08","date_gmt":"2026-01-08T16:53:08","guid":{"rendered":"https:\/\/elpueblonoticia.com.ar\/web\/?p=5259"},"modified":"2026-01-08T13:53:08","modified_gmt":"2026-01-08T16:53:08","slug":"fe-y-religiosidad-opular-el-padre-ariel-gimenez-invita-a-la-misa-en-el-predio-de-la-cruz-gil","status":"publish","type":"post","link":"https:\/\/elpueblonoticia.com.ar\/web\/2026\/01\/08\/fe-y-religiosidad-opular-el-padre-ariel-gimenez-invita-a-la-misa-en-el-predio-de-la-cruz-gil\/","title":{"rendered":"Fe y Religiosidad opular: El padre Ariel Gim\u00e9nez invita a la misa en el predio de la cruz Gil"},"content":{"rendered":"<p>En una nueva muestra de religiosidad popular, la comunidad de Goya se prepara para honrar la fe en el predio de la Cruz Gil, ubicado en el acceso norte de la ciudad. El p\u00e1rroco de la Iglesia Catedral, padre Ariel Gim\u00e9nez, extendi\u00f3 una invitaci\u00f3n a todos los fieles para participar de la celebraci\u00f3n eucar\u00edstica que tendr\u00e1 lugar este mi\u00e9rcoles 7 de enero a las 20 horas.<\/p>\n<p>La misa se llevar\u00e1 a cabo en el santuario situado sobre la Avenida Leandro N. Alem y Circunvalaci\u00f3n (Ruta 27). Se ha solicitado a los asistentes llevar sus im\u00e1genes religiosas y cruces, ya que se realizar\u00e1 una bendici\u00f3n especial durante el encuentro.<\/p>\n<p>Esta celebraci\u00f3n se enmarca en la mirada pastoral del Obispo de Goya, Monse\u00f1or Adolfo Canec\u00edn, quien permanentemente insta a la Iglesia a &#8220;salir al encuentro&#8221; de las manifestaciones de fe popular del pueblo, acompa\u00f1ando y guiando estas expresiones de devoci\u00f3n que forman parte de la identidad cultural de la regi\u00f3n.<\/p>\n<p>Para quienes no puedan asistir al predio de la Cruz Gil, el Padre Gim\u00e9nez inform\u00f3 que el jueves 8 de enero se celebrar\u00e1 una misa en la Iglesia Catedral, tambi\u00e9n a las 20:00 horas.<\/p>\n","protected":false},"excerpt":{"rendered":"<p>En una nueva muestra de religiosidad popular, la comunidad de Goya se prepara para honrar la fe en el predio de la Cruz Gil, ubicado en el acceso norte de la ciudad. El p\u00e1rroco de la Iglesia Catedral, padre Ariel Gim\u00e9nez, extendi\u00f3 una invitaci\u00f3n a todos los fieles para participar de la celebraci\u00f3n eucar\u00edstica que [&hellip;]<\/p>\n","protected":false},"author":2,"featured_media":5260,"comment_status":"open","ping_status":"open","sticky":false,"template":"","format":"standard","meta":{"footnotes":""},"categories":[56],"tags":[],"class_list":{"0":"post-5259","1":"post","2":"type-post","3":"status-publish","4":"format-standard","5":"has-post-thumbnail","7":"category-locales"},"_links":{"self":[{"href":"https:\/\/elpueblonoticia.com.ar\/web\/wp-json\/wp\/v2\/posts\/5259","targetHints":{"allow":["GET"]}}],"collection":[{"href":"https:\/\/elpueblonoticia.com.ar\/web\/wp-json\/wp\/v2\/posts"}],"about":[{"href":"https:\/\/elpueblonoticia.com.ar\/web\/wp-json\/wp\/v2\/types\/post"}],"author":[{"embeddable":true,"href":"https:\/\/elpueblonoticia.com.ar\/web\/wp-json\/wp\/v2\/users\/2"}],"replies":[{"embeddable":true,"href":"https:\/\/elpueblonoticia.com.ar\/web\/wp-json\/wp\/v2\/comments?post=5259"}],"version-history":[{"count":1,"href":"https:\/\/elpueblonoticia.com.ar\/web\/wp-json\/wp\/v2\/posts\/5259\/revisions"}],"predecessor-version":[{"id":5261,"href":"https:\/\/elpueblonoticia.com.ar\/web\/wp-json\/wp\/v2\/posts\/5259\/revisions\/5261"}],"wp:featuredmedia":[{"embeddable":true,"href":"https:\/\/elpueblonoticia.com.ar\/web\/wp-json\/wp\/v2\/media\/5260"}],"wp:attachment":[{"href":"https:\/\/elpueblonoticia.com.ar\/web\/wp-json\/wp\/v2\/media?parent=5259"}],"wp:term":[{"taxonomy":"category","embeddable":true,"href":"https:\/\/elpueblonoticia.com.ar\/web\/wp-json\/wp\/v2\/categories?post=5259"},{"taxonomy":"post_tag","embeddable":true,"href":"https:\/\/elpueblonoticia.com.ar\/web\/wp-json\/wp\/v2\/tags?post=5259"}],"curies":[{"name":"wp","href":"https:\/\/api.w.org\/{rel}","templated":true}]}}