{"id":5256,"date":"2026-01-08T13:51:24","date_gmt":"2026-01-08T16:51:24","guid":{"rendered":"https:\/\/elpueblonoticia.com.ar\/web\/?p=5256"},"modified":"2026-01-08T13:51:24","modified_gmt":"2026-01-08T16:51:24","slug":"la-provincia-continua-la-asistencia-a-municipios-afectados-por-las-lluvias","status":"publish","type":"post","link":"https:\/\/elpueblonoticia.com.ar\/web\/2026\/01\/08\/la-provincia-continua-la-asistencia-a-municipios-afectados-por-las-lluvias\/","title":{"rendered":"La provincia continua la asistencia a municipios afectados por las lluvias"},"content":{"rendered":"<p><span lang=\"ES-AR\">El Gobierno de Corrientes, a trav\u00e9s de Defensa Civil, continua asistiendo a los municipios afectados por las fuertes lluvias ocurridas en las \u00faltimas semanas. Se entregaron m\u00f3dulos de limpieza y desinfecci\u00f3n para acompa\u00f1ar a las familias en el regreso a sus hogares.<\/span><\/p>\n<p><span lang=\"ES-AR\">Estas acciones cuentan con el acompa\u00f1amiento de la Agencia Federal de Emergencias, la Cruz Roja Argentina y el apoyo log\u00edstico de Gendarmer\u00eda Nacional.<\/span><\/p>\n","protected":false},"excerpt":{"rendered":"<p>El Gobierno de Corrientes, a trav\u00e9s de Defensa Civil, continua asistiendo a los municipios afectados por las fuertes lluvias ocurridas en las \u00faltimas semanas. Se entregaron m\u00f3dulos de limpieza y desinfecci\u00f3n para acompa\u00f1ar a las familias en el regreso a sus hogares. Estas acciones cuentan con el acompa\u00f1amiento de la Agencia Federal de Emergencias, la [&hellip;]<\/p>\n","protected":false},"author":2,"featured_media":5257,"comment_status":"open","ping_status":"open","sticky":false,"template":"","format":"standard","meta":{"footnotes":""},"categories":[72],"tags":[],"class_list":{"0":"post-5256","1":"post","2":"type-post","3":"status-publish","4":"format-standard","5":"has-post-thumbnail","7":"category-provinciales"},"_links":{"self":[{"href":"https:\/\/elpueblonoticia.com.ar\/web\/wp-json\/wp\/v2\/posts\/5256","targetHints":{"allow":["GET"]}}],"collection":[{"href":"https:\/\/elpueblonoticia.com.ar\/web\/wp-json\/wp\/v2\/posts"}],"about":[{"href":"https:\/\/elpueblonoticia.com.ar\/web\/wp-json\/wp\/v2\/types\/post"}],"author":[{"embeddable":true,"href":"https:\/\/elpueblonoticia.com.ar\/web\/wp-json\/wp\/v2\/users\/2"}],"replies":[{"embeddable":true,"href":"https:\/\/elpueblonoticia.com.ar\/web\/wp-json\/wp\/v2\/comments?post=5256"}],"version-history":[{"count":1,"href":"https:\/\/elpueblonoticia.com.ar\/web\/wp-json\/wp\/v2\/posts\/5256\/revisions"}],"predecessor-version":[{"id":5258,"href":"https:\/\/elpueblonoticia.com.ar\/web\/wp-json\/wp\/v2\/posts\/5256\/revisions\/5258"}],"wp:featuredmedia":[{"embeddable":true,"href":"https:\/\/elpueblonoticia.com.ar\/web\/wp-json\/wp\/v2\/media\/5257"}],"wp:attachment":[{"href":"https:\/\/elpueblonoticia.com.ar\/web\/wp-json\/wp\/v2\/media?parent=5256"}],"wp:term":[{"taxonomy":"category","embeddable":true,"href":"https:\/\/elpueblonoticia.com.ar\/web\/wp-json\/wp\/v2\/categories?post=5256"},{"taxonomy":"post_tag","embeddable":true,"href":"https:\/\/elpueblonoticia.com.ar\/web\/wp-json\/wp\/v2\/tags?post=5256"}],"curies":[{"name":"wp","href":"https:\/\/api.w.org\/{rel}","templated":true}]}}