{"id":5253,"date":"2026-01-07T14:07:14","date_gmt":"2026-01-07T17:07:14","guid":{"rendered":"https:\/\/elpueblonoticia.com.ar\/web\/?p=5253"},"modified":"2026-01-07T14:07:14","modified_gmt":"2026-01-07T17:07:14","slug":"el-escandalo-detras-de-la-separacion-de-una-leyenda-de-los-pumas-y-una-famosa-modelo-fitness","status":"publish","type":"post","link":"https:\/\/elpueblonoticia.com.ar\/web\/2026\/01\/07\/el-escandalo-detras-de-la-separacion-de-una-leyenda-de-los-pumas-y-una-famosa-modelo-fitness\/","title":{"rendered":"El esc\u00e1ndalo detr\u00e1s de la separaci\u00f3n de una leyenda de Los Pumas y una famosa modelo fitness"},"content":{"rendered":"<p>El v\u00ednculo entre el ex jugador de Los Pumas, Patricio Albacete, y Pamela Pombo lleg\u00f3 a su fin tras una breve y medi\u00e1tica relaci\u00f3n, en medio de acusaciones graves que ahora han ingresado en terreno legal. La separaci\u00f3n, que deja atr\u00e1s una ostentosa boda celebrada en junio de 2024, fue confirmada por la propia Pombo, quien explic\u00f3 que no pod\u00eda revelar los motivos debido a su complejidad y a la intervenci\u00f3n de abogados, seg\u00fan inform\u00f3 la periodista Karina Iav\u00edcoli en el programa Infama de Am\u00e9rica TV.<\/p>\n<p>En las \u00faltimas horas, ambos eliminaron de sus perfiles en redes sociales todas las fotograf\u00edas y videos juntos, incluidos registros de la celebraci\u00f3n nupcial a la que asistieron 250 invitados. Pamela Pombo \u00fanicamente conserv\u00f3 im\u00e1genes con sus amigas y de su vestido de novia. La ruptura se hizo p\u00fablica cuando Pombo confirm\u00f3 a Iav\u00edcoli: \u201cS\u00ed, es verdad, me estoy separando. En este momento no puedo darte los motivos y razones por las cuales nos alejamos porque es algo muy grave y muy delicado, que est\u00e1 en manos de mis abogados\u201d, divulg\u00f3 Infama.<\/p>\n<p>Patricio Albacete y Pombo comenzaron su relaci\u00f3n tras a\u00f1os de coincidir en un gimnasio. Luego de dos meses de noviazgo, se casaron por civil el 28 de diciembre de 2023. Siete meses m\u00e1s tarde, organizaron una fastuosa fiesta en un sal\u00f3n de Pilar, con espect\u00e1culos de comedia, bandas en vivo, luces de colores y men\u00fas de alta cocina. El evento incluy\u00f3 la presencia de 20 damas de honor por parte de Pombo y 15 padrinos elegidos por el ex jugador.<\/p>\n<p>La celebraci\u00f3n incluy\u00f3 espect\u00e1culos de diversos artistas, entre ellos el humorista Sergio Gonal, un DJ y la participaci\u00f3n del grupo Enanos Buenos Aires, conocidos por sus caracterizaciones de figuras de pel\u00edculas de terror populares como Chucky y El Juego del Miedo.<\/p>\n<p>Patricio Albacete es reconocido como una de las figuras m\u00e1s prominentes en la historia del rugby argentino. Integr\u00f3 el plantel de Los Pumas durante m\u00e1s de una d\u00e9cada y particip\u00f3 en tres Copas del Mundo: Australia 2003, Francia 2007 y Nueva Zelanda 2011. Con el seleccionado argentino, Albacete integr\u00f3 la hist\u00f3rica camada que alcanz\u00f3 el tercer puesto en el Mundial de 2007 disputado en Francia. En dicho torneo particip\u00f3 en los siete partidos y marc\u00f3 un try.<\/p>\n<p>Por su desempe\u00f1o, recibi\u00f3 el premio Konex como uno de los cinco mejores jugadores de la d\u00e9cada, junto a nombres como Agust\u00edn Pichot y Felipe Contepomi. Tras finalizar su carrera profesional a los 37 a\u00f1os, Albacete se vincul\u00f3 al rugby franc\u00e9s y actualmente est\u00e1 dedicado al entrenamiento, a la actividad vitivin\u00edcola y a otros proyectos comerciales, adem\u00e1s de haber publicado su autobiograf\u00eda \u201cMil Batallas\u201d.<\/p>\n<p>El ex segunda l\u00ednea surgi\u00f3 del club Manuel Belgrano y debut\u00f3 en 1999, antes de iniciar en 2003 su etapa europea que lo llev\u00f3 por equipos como Colomiers y Pau. Su etapa m\u00e1s prolongada y laureada fue con el Toulouse, donde jug\u00f3 10 temporadas, celebr\u00f3 tres t\u00edtulos de liga (2008, 2011 y 2012) y conquist\u00f3 la Copa de Europa en 2010. Finaliz\u00f3 su carrera en 2018 en el Racing 92 de Francia.<\/p>\n<p>Por su parte, Pamela Pombo gan\u00f3 notoriedad en 2011 como una de las llamadas \u201chermanas Pombo\u201d, relevante en el mundo del espect\u00e1culo argentino y expareja del futbolista Cristian \u201cel Ogro\u201d Fabbiani. M\u00e1s adelante, se alej\u00f3 de la televisi\u00f3n para dedicarse al fisicoculturismo, consiguiendo premios y abri\u00e9ndose camino como instructora y creadora de contenido en Onlyfans.<\/p>\n<p>La exposici\u00f3n p\u00fablica de la separaci\u00f3n y la decisi\u00f3n de borrar evidencias digitales del matrimonio profundizaron el impacto medi\u00e1tico del caso. Mientras tanto, el hermetismo de los protagonistas y la ausencia de detalles concretos sobre los hechos que motivaron la ruptura se centran en medio de la atenci\u00f3n de sus seguidores y del ambiente deportivo y del espect\u00e1culo.<\/p>\n","protected":false},"excerpt":{"rendered":"<p>El v\u00ednculo entre el ex jugador de Los Pumas, Patricio Albacete, y Pamela Pombo lleg\u00f3 a su fin tras una breve y medi\u00e1tica relaci\u00f3n, en medio de acusaciones graves que ahora han ingresado en terreno legal. La separaci\u00f3n, que deja atr\u00e1s una ostentosa boda celebrada en junio de 2024, fue confirmada por la propia Pombo, [&hellip;]<\/p>\n","protected":false},"author":2,"featured_media":5254,"comment_status":"open","ping_status":"open","sticky":false,"template":"","format":"standard","meta":{"footnotes":""},"categories":[67],"tags":[],"class_list":{"0":"post-5253","1":"post","2":"type-post","3":"status-publish","4":"format-standard","5":"has-post-thumbnail","7":"category-espectaculo"},"_links":{"self":[{"href":"https:\/\/elpueblonoticia.com.ar\/web\/wp-json\/wp\/v2\/posts\/5253","targetHints":{"allow":["GET"]}}],"collection":[{"href":"https:\/\/elpueblonoticia.com.ar\/web\/wp-json\/wp\/v2\/posts"}],"about":[{"href":"https:\/\/elpueblonoticia.com.ar\/web\/wp-json\/wp\/v2\/types\/post"}],"author":[{"embeddable":true,"href":"https:\/\/elpueblonoticia.com.ar\/web\/wp-json\/wp\/v2\/users\/2"}],"replies":[{"embeddable":true,"href":"https:\/\/elpueblonoticia.com.ar\/web\/wp-json\/wp\/v2\/comments?post=5253"}],"version-history":[{"count":1,"href":"https:\/\/elpueblonoticia.com.ar\/web\/wp-json\/wp\/v2\/posts\/5253\/revisions"}],"predecessor-version":[{"id":5255,"href":"https:\/\/elpueblonoticia.com.ar\/web\/wp-json\/wp\/v2\/posts\/5253\/revisions\/5255"}],"wp:featuredmedia":[{"embeddable":true,"href":"https:\/\/elpueblonoticia.com.ar\/web\/wp-json\/wp\/v2\/media\/5254"}],"wp:attachment":[{"href":"https:\/\/elpueblonoticia.com.ar\/web\/wp-json\/wp\/v2\/media?parent=5253"}],"wp:term":[{"taxonomy":"category","embeddable":true,"href":"https:\/\/elpueblonoticia.com.ar\/web\/wp-json\/wp\/v2\/categories?post=5253"},{"taxonomy":"post_tag","embeddable":true,"href":"https:\/\/elpueblonoticia.com.ar\/web\/wp-json\/wp\/v2\/tags?post=5253"}],"curies":[{"name":"wp","href":"https:\/\/api.w.org\/{rel}","templated":true}]}}