{"id":5246,"date":"2026-01-07T13:27:16","date_gmt":"2026-01-07T16:27:16","guid":{"rendered":"https:\/\/elpueblonoticia.com.ar\/web\/?p=5246"},"modified":"2026-01-07T13:27:16","modified_gmt":"2026-01-07T16:27:16","slug":"delcy-odriguez-nombro-a-un-nuevo-jefe-de-la-guardia-presidencial-y-de-inteligencia-militar-tras-la-captura-de-maduro","status":"publish","type":"post","link":"https:\/\/elpueblonoticia.com.ar\/web\/2026\/01\/07\/delcy-odriguez-nombro-a-un-nuevo-jefe-de-la-guardia-presidencial-y-de-inteligencia-militar-tras-la-captura-de-maduro\/","title":{"rendered":"Delcy odr\u00edguez nombr\u00f3 a un nuevo jefe de la guardia presidencial y de inteligencia militar tras la captura de Maduro"},"content":{"rendered":"<p>La presidente encargada design\u00f3 al general Gustavo Gonz\u00e1lez L\u00f3pez al frente de la Guardia de Honor y de la DGCIM, en sustituci\u00f3n de dos altos mandos. El militar, vinculado a Diosdado Cabello, est\u00e1 sancionado por EEUU y la Uni\u00f3n Europea desde 2015.<\/p>\n<p>La presidente encargada de Venezuela, Delcy Rodr\u00edguez, design\u00f3 al General en Jefe Gustavo Gonz\u00e1lez L\u00f3pez como comandante de la Guardia de Honor Presidencial y director de la Direcci\u00f3n General de Contrainteligencia Militar (DGCIM), seg\u00fan inform\u00f3 este martes el ministro de Comunicaci\u00f3n, Freddy \u00d1\u00e1\u00f1ez, a trav\u00e9s de un mensaje en Telegram. La medida se implement\u00f3 luego de la captura del ex dictador Nicol\u00e1s Maduro y Cilia Flores durante la operaci\u00f3n militar ejecutada por Estados Unidos en Venezuela el pasado fin de semana.<\/p>\n<p>Gustavo Gonz\u00e1lez L\u00f3pez asume la Guardia de Honor Presidencial en sustituci\u00f3n del mayor general Javier Marcano T\u00e1bata, quien ocupaba tambi\u00e9n la jefatura de la Milicia Bolivariana hasta los cambios introducidos por la presidencia encargada tras la detenci\u00f3n de Maduro. En la DGCIM, Gonz\u00e1lez L\u00f3pez reemplaza al mayor general Iv\u00e1n Rafael Hern\u00e1ndez Dala, figura clave en la inteligencia militar y cercano colaborador de Maduro durante los \u00faltimos a\u00f1os. Seg\u00fan \u00f1\u00e1\u00f1ez, \u201cestas designaciones forman parte de la din\u00e1mica de fortalecimiento y continuidad institucional, orientada a garantizar la paz, la seguridad del pueblo y la plena vigencia de la Constituci\u00f3n de la Rep\u00fablica\u201d.<\/p>\n<p>Durante el anuncio, Rodr\u00edguez expres\u00f3 su reconocimiento a Gonz\u00e1lez L\u00f3pez por \u201cla entrega y lealtad demostrados durante el ejercicio de sus funciones\u201d, a la vez que ratific\u00f3 su confianza en la \u201ctrayectoria y vocaci\u00f3n de servicio\u201d del general, quien suma d\u00e9cadas en puestos estrat\u00e9gicos del aparato de inteligencia y seguridad venezolano. La trayectoria de Gonz\u00e1lez L\u00f3pez incluye la direcci\u00f3n del Servicio Bolivariano de Inteligencia Nacional (SEBIN) en dos periodos, entre 2014 y 2018 y luego de abril de 2019 a octubre de 2024. Adem\u00e1s, fue Ministro de Relaciones Interiores, Justicia y Paz entre 2015 y 2016. Luego de su salida temporal del \u00e1mbito de inteligencia, desempe\u00f1\u00f3 cargos de gerencia en la estatal Petr\u00f3leos de Venezuela (PDVSA) durante el \u00faltimo trimestre de 2024 y a lo largo de 2025, antes de regresar al sector militar en enero de 2026.<\/p>\n<p>Desde 2015, Gonz\u00e1lez L\u00f3pez figura en la lista de sancionados por el gobierno de Estados Unidos, acusado de presuntas violaciones de derechos humanos, torturas y represi\u00f3n durante su gesti\u00f3n en organismos de inteligencia. Ese mismo a\u00f1o, la Uni\u00f3n Europea tambi\u00e9n lo incluy\u00f3 en su lista negra al considerar que contribuy\u00f3 a la ruptura del orden constitucional por su papel en las elecciones para la Asamblea Nacional Constituyente. Dentro del oficialismo, su nombre est\u00e1 ligado al c\u00edrculo cercano de Diosdado Cabello, una de las figuras m\u00e1s influyentes del chavismo que ya fue se\u00f1alado por Trump como posible objetivo dentro del pa\u00eds para un nuevo ataque.<\/p>\n<p>La reciente reestructuraci\u00f3n del alto mando con la llegada de Gonz\u00e1lez L\u00f3pez a la Guardia de Honor Presidencial y a la DGCIM ocurre en un contexto de crisis institucional y profunda incertidumbre pol\u00edtica, marcado por la detenci\u00f3n de Maduro y la reorganizaci\u00f3n de los principales organismos de seguridad del Estado.<\/p>\n","protected":false},"excerpt":{"rendered":"<p>La presidente encargada design\u00f3 al general Gustavo Gonz\u00e1lez L\u00f3pez al frente de la Guardia de Honor y de la DGCIM, en sustituci\u00f3n de dos altos mandos. El militar, vinculado a Diosdado Cabello, est\u00e1 sancionado por EEUU y la Uni\u00f3n Europea desde 2015. La presidente encargada de Venezuela, Delcy Rodr\u00edguez, design\u00f3 al General en Jefe Gustavo [&hellip;]<\/p>\n","protected":false},"author":2,"featured_media":5248,"comment_status":"open","ping_status":"open","sticky":false,"template":"","format":"standard","meta":{"footnotes":""},"categories":[81],"tags":[],"class_list":{"0":"post-5246","1":"post","2":"type-post","3":"status-publish","4":"format-standard","5":"has-post-thumbnail","7":"category-internacionales"},"_links":{"self":[{"href":"https:\/\/elpueblonoticia.com.ar\/web\/wp-json\/wp\/v2\/posts\/5246","targetHints":{"allow":["GET"]}}],"collection":[{"href":"https:\/\/elpueblonoticia.com.ar\/web\/wp-json\/wp\/v2\/posts"}],"about":[{"href":"https:\/\/elpueblonoticia.com.ar\/web\/wp-json\/wp\/v2\/types\/post"}],"author":[{"embeddable":true,"href":"https:\/\/elpueblonoticia.com.ar\/web\/wp-json\/wp\/v2\/users\/2"}],"replies":[{"embeddable":true,"href":"https:\/\/elpueblonoticia.com.ar\/web\/wp-json\/wp\/v2\/comments?post=5246"}],"version-history":[{"count":2,"href":"https:\/\/elpueblonoticia.com.ar\/web\/wp-json\/wp\/v2\/posts\/5246\/revisions"}],"predecessor-version":[{"id":5249,"href":"https:\/\/elpueblonoticia.com.ar\/web\/wp-json\/wp\/v2\/posts\/5246\/revisions\/5249"}],"wp:featuredmedia":[{"embeddable":true,"href":"https:\/\/elpueblonoticia.com.ar\/web\/wp-json\/wp\/v2\/media\/5248"}],"wp:attachment":[{"href":"https:\/\/elpueblonoticia.com.ar\/web\/wp-json\/wp\/v2\/media?parent=5246"}],"wp:term":[{"taxonomy":"category","embeddable":true,"href":"https:\/\/elpueblonoticia.com.ar\/web\/wp-json\/wp\/v2\/categories?post=5246"},{"taxonomy":"post_tag","embeddable":true,"href":"https:\/\/elpueblonoticia.com.ar\/web\/wp-json\/wp\/v2\/tags?post=5246"}],"curies":[{"name":"wp","href":"https:\/\/api.w.org\/{rel}","templated":true}]}}