{"id":5243,"date":"2026-01-07T13:24:56","date_gmt":"2026-01-07T16:24:56","guid":{"rendered":"https:\/\/elpueblonoticia.com.ar\/web\/?p=5243"},"modified":"2026-01-07T13:24:56","modified_gmt":"2026-01-07T16:24:56","slug":"milei-ratifico-su-alineacion-geopolitica-con-ee-uu-pero-aclaro-que-no-rompera-lazos-comerciales-con-china","status":"publish","type":"post","link":"https:\/\/elpueblonoticia.com.ar\/web\/2026\/01\/07\/milei-ratifico-su-alineacion-geopolitica-con-ee-uu-pero-aclaro-que-no-rompera-lazos-comerciales-con-china\/","title":{"rendered":"Milei ratific\u00f3 su alineaci\u00f3n geopol\u00edtica con EE.UU., pero aclar\u00f3 que no romper\u00e1 lazos comerciales con China"},"content":{"rendered":"<p>Luego de que el presidente Javier Milei respaldara la operaci\u00f3n de Estados Unidos en Venezuela y la posterior captura del ex dictador Nicol\u00e1s Maduro, neg\u00f3 que su alineaci\u00f3n implicara afectar\u00e1, de alguna forma, el v\u00ednculo comercial que el Argentina tiene con China. \u201cYo no voy a romper lazos comerciales con China\u201d, asever\u00f3.<\/p>\n<p>A lo largo de su mandato, el jefe de Estado busc\u00f3 reforzar los lazos con el gobierno estadounidense y su actual mandatario, Donald Trump. No obstante, aclar\u00f3 que se trata de dos cuestiones distintas. \u201cSiempre habl\u00e9 de alianza geopol\u00edtica, porque una cosa es la geopol\u00edtica y despu\u00e9s est\u00e1 la cuesti\u00f3n comercial\u201d, diferenci\u00f3 Milei durante una entrevista para el canal de streaming Neura.<\/p>\n<p>Asimismo, busc\u00f3 evitar \u201clecturas perversas\u201d al aclarar: \u201cYo no voy a romper lazos comerciales con China\u201d. Sin embargo, el presidente consider\u00f3 que esto no significaba poner en peligro su relaci\u00f3n con su par norteamericano. Por esto, a modo de fundamentar su postura, indic\u00f3: \u201cDe hecho, Estados Unidos tiene lazos comerciales con China. Es decir, eso no quiere decir que yo no est\u00e9 profundamente alineado geopol\u00edticamente con Estados Unidos\u201d.<\/p>\n<p>A lo largo de su mandato, el jefe de Estado busc\u00f3 reforzar los lazos con el gobierno estadounidense y su actual mandatario, Donald Trump. No obstante, aclar\u00f3 que se trata de dos cuestiones distintas. \u201cSiempre habl\u00e9 de alianza geopol\u00edtica, porque una cosa es la geopol\u00edtica y despu\u00e9s est\u00e1 la cuesti\u00f3n comercial\u201d, diferenci\u00f3 Milei durante una entrevista para el canal de streaming Neura.<\/p>\n<p>Asimismo, busc\u00f3 evitar \u201clecturas perversas\u201d al aclarar: \u201cYo no voy a romper lazos comerciales con China\u201d. Sin embargo, el presidente consider\u00f3 que esto no significaba poner en peligro su relaci\u00f3n con su par norteamericano. Por esto, a modo de fundamentar su postura, indic\u00f3: \u201cDe hecho, Estados Unidos tiene lazos comerciales con China. Es decir, eso no quiere decir que yo no est\u00e9 profundamente alineado geopol\u00edticamente con Estados Unidos\u201d.<\/p>\n<p>\u201cTrump est\u00e1 redise\u00f1ando el orden mundial. Y se dej\u00f3 de pensar en t\u00e9rminos de globalizaci\u00f3n, para pensarse en t\u00e9rminos de geopol\u00edtica\u201d, defini\u00f3 el mandatario al afirmar que \u201cparte de la discusi\u00f3n de la geopol\u00edtica es terminar con el socialismo asesino. Ll\u00e1mese Venezuela, Cuba, Nicaragua y otro que va a ser superado en las elecciones, sin lugar a dudas\u201d.<\/p>\n<p>Bajo su punto de vista, su par estadounidense habr\u00eda movido las fichas para provocar un \u201creordenamiento\u201d, y se\u00f1al\u00f3 que \u201chay algunos jugadores que est\u00e1n mejor posicionados que otros\u201d. Adem\u00e1s, record\u00f3: \u201dNosotros hemos tomado una postura clara desde antes de ser electos, fue parte de nuestra plataforma electoral. Y quiero resaltar esto, siempre habl\u00e9 de alianza geopol\u00edtica\u201c.<\/p>\n<p>Al ser consultado sobre la intervenci\u00f3n del pa\u00eds norteamericano en Venezuela, el mandatario respald\u00f3 la acci\u00f3n al remarcar que el r\u00e9gimen de Nicol\u00e1s Maduro era una dictadura en vigencia. \u201cEs un narcoestado terrorista, que export\u00f3, el terrorismo. Hoy, las facetas del terrorismo tienen distintas variantes. Y donde ha financiado a pol\u00edticos, ha financiado a periodistas, medios de comunicaci\u00f3n, empresarios\u201d, desarroll\u00f3.<\/p>\n<p>En este sentido, record\u00f3 la vinculaci\u00f3n que el r\u00e9gimen ten\u00eda con Ir\u00e1n, Hezbollah y el apoyo log\u00edstico que brind\u00f3 al grupo Hamas. Incluso, mencion\u00f3 el rol clave en inteligencia que representaban para Cuba, tras apuntar que, de las 40 personas que murieron en el bombardeo, 32 eran militares cubanos.<\/p>\n<p>Respecto a las acusaciones sobre el presunto inter\u00e9s que tendr\u00eda la administraci\u00f3n estadounidense en las reservas de petr\u00f3leo que posee Venezuela, Milei critic\u00f3 la postura al manifestar que \u201ctodos estos que est\u00e1n tan preocupados y todo por el petr\u00f3leo de Venezuela, no dijeron nada cuando se lo llevaba, por ejemplo, Cuba\u201d.<\/p>\n<p>En l\u00ednea con esto, Milei cit\u00f3 una frase pronunciada por la actriz venezolana Catherine Fulop, al calificar como \u201cuna genialidad\u201d su afirmaci\u00f3n: &#8220;No me importa el petr\u00f3leo, me importa que me devuelvan la libertad&#8221;. As\u00ed, destac\u00f3 la centralidad de los derechos civiles por encima de la discusi\u00f3n sobre el control de los hidrocarburos venezolanos.<\/p>\n<p>Por este motivo, el presidente sostuvo que la intervenci\u00f3n estadounidense \u201cimplica cortar el hecho de que usaban la log\u00edstica de PDVSA para el narcotr\u00e1fico\u201d. Seg\u00fan su an\u00e1lisis, la presi\u00f3n ejercida por Estados Unidos sobre el r\u00e9gimen de Maduro respondi\u00f3 sobre todo a la problem\u00e1tica del tr\u00e1fico de drogas y no solo a motivos energ\u00e9ticos.<\/p>\n<p>De la misma manera, recrimin\u00f3 que una parte de la izquierda carece de \u201chonestidad intelectual\u201d y apelar\u00eda a argumentos falaces debido a que, seg\u00fan su visi\u00f3n, \u201chan sido derrotados\u201d en el debate de ideas, derivando en la utilizaci\u00f3n de recursos ret\u00f3ricos destinados a demonizar posiciones contrarias<\/p>\n<p>Incluso, enfatiz\u00f3 que no debe ignorarse la gravedad de las violaciones a los derechos humanos, la tortura y la represi\u00f3n en lugares como el Helicoide, un ex centro comercial devenido en una de las c\u00e1rceles m\u00e1s crueles de la dictadura chavista. Adem\u00e1s, record\u00f3 la detenci\u00f3n del gendarme argentino Nahuel Gallo, que habr\u00eda sido recluido bajo acusaciones de presunto espionaje.<\/p>\n","protected":false},"excerpt":{"rendered":"<p>Luego de que el presidente Javier Milei respaldara la operaci\u00f3n de Estados Unidos en Venezuela y la posterior captura del ex dictador Nicol\u00e1s Maduro, neg\u00f3 que su alineaci\u00f3n implicara afectar\u00e1, de alguna forma, el v\u00ednculo comercial que el Argentina tiene con China. \u201cYo no voy a romper lazos comerciales con China\u201d, asever\u00f3. A lo largo [&hellip;]<\/p>\n","protected":false},"author":2,"featured_media":5244,"comment_status":"open","ping_status":"open","sticky":false,"template":"","format":"standard","meta":{"footnotes":""},"categories":[66],"tags":[],"class_list":{"0":"post-5243","1":"post","2":"type-post","3":"status-publish","4":"format-standard","5":"has-post-thumbnail","7":"category-politica-nacionales"},"_links":{"self":[{"href":"https:\/\/elpueblonoticia.com.ar\/web\/wp-json\/wp\/v2\/posts\/5243","targetHints":{"allow":["GET"]}}],"collection":[{"href":"https:\/\/elpueblonoticia.com.ar\/web\/wp-json\/wp\/v2\/posts"}],"about":[{"href":"https:\/\/elpueblonoticia.com.ar\/web\/wp-json\/wp\/v2\/types\/post"}],"author":[{"embeddable":true,"href":"https:\/\/elpueblonoticia.com.ar\/web\/wp-json\/wp\/v2\/users\/2"}],"replies":[{"embeddable":true,"href":"https:\/\/elpueblonoticia.com.ar\/web\/wp-json\/wp\/v2\/comments?post=5243"}],"version-history":[{"count":1,"href":"https:\/\/elpueblonoticia.com.ar\/web\/wp-json\/wp\/v2\/posts\/5243\/revisions"}],"predecessor-version":[{"id":5245,"href":"https:\/\/elpueblonoticia.com.ar\/web\/wp-json\/wp\/v2\/posts\/5243\/revisions\/5245"}],"wp:featuredmedia":[{"embeddable":true,"href":"https:\/\/elpueblonoticia.com.ar\/web\/wp-json\/wp\/v2\/media\/5244"}],"wp:attachment":[{"href":"https:\/\/elpueblonoticia.com.ar\/web\/wp-json\/wp\/v2\/media?parent=5243"}],"wp:term":[{"taxonomy":"category","embeddable":true,"href":"https:\/\/elpueblonoticia.com.ar\/web\/wp-json\/wp\/v2\/categories?post=5243"},{"taxonomy":"post_tag","embeddable":true,"href":"https:\/\/elpueblonoticia.com.ar\/web\/wp-json\/wp\/v2\/tags?post=5243"}],"curies":[{"name":"wp","href":"https:\/\/api.w.org\/{rel}","templated":true}]}}