{"id":5240,"date":"2026-01-07T13:22:36","date_gmt":"2026-01-07T16:22:36","guid":{"rendered":"https:\/\/elpueblonoticia.com.ar\/web\/?p=5240"},"modified":"2026-01-07T13:22:36","modified_gmt":"2026-01-07T16:22:36","slug":"comisaria-sexta-recupera-una-motocicleta-sustraida","status":"publish","type":"post","link":"https:\/\/elpueblonoticia.com.ar\/web\/2026\/01\/07\/comisaria-sexta-recupera-una-motocicleta-sustraida\/","title":{"rendered":"Comisar\u00eda sexta recupera una motocicleta sustra\u00edda"},"content":{"rendered":"<p>En horas de la tarde del martes, personal de la Comisar\u00eda Seccional Sexta de Goya, a cargo del comisario inspector Walter L\u00f3pez, en el marco de tareas investigativas, tom\u00f3 conocimiento a trav\u00e9s de vecinos del Paraje Isla Sola sobre el hallazgo de una motocicleta marca Corven, tipo cross, color negra y blanca, en aparente estado de abandono.<\/p>\n<p>Comisionado personal policial al lugar, se constat\u00f3 que el rodado presentaba similares caracter\u00edsticas a una motocicleta denunciada como sustra\u00edda durante la madrugada en el Barrio 83 Viviendas, zona sur de esta ciudad, confirm\u00e1ndose posteriormente su recuperaci\u00f3n.<\/p>\n<p>Se presume que los autores del hecho habr\u00edan abandonado el rodado al verse acorralados por el accionar policial.<\/p>\n<p>Contin\u00faan las tareas investigativas a fin de dar con los responsables bajo directivas de la Fiscal\u00eda en turno.<\/p>\n","protected":false},"excerpt":{"rendered":"<p>En horas de la tarde del martes, personal de la Comisar\u00eda Seccional Sexta de Goya, a cargo del comisario inspector Walter L\u00f3pez, en el marco de tareas investigativas, tom\u00f3 conocimiento a trav\u00e9s de vecinos del Paraje Isla Sola sobre el hallazgo de una motocicleta marca Corven, tipo cross, color negra y blanca, en aparente estado [&hellip;]<\/p>\n","protected":false},"author":2,"featured_media":5241,"comment_status":"open","ping_status":"open","sticky":false,"template":"","format":"standard","meta":{"footnotes":""},"categories":[68],"tags":[],"class_list":{"0":"post-5240","1":"post","2":"type-post","3":"status-publish","4":"format-standard","5":"has-post-thumbnail","7":"category-policiales-nacionales"},"_links":{"self":[{"href":"https:\/\/elpueblonoticia.com.ar\/web\/wp-json\/wp\/v2\/posts\/5240","targetHints":{"allow":["GET"]}}],"collection":[{"href":"https:\/\/elpueblonoticia.com.ar\/web\/wp-json\/wp\/v2\/posts"}],"about":[{"href":"https:\/\/elpueblonoticia.com.ar\/web\/wp-json\/wp\/v2\/types\/post"}],"author":[{"embeddable":true,"href":"https:\/\/elpueblonoticia.com.ar\/web\/wp-json\/wp\/v2\/users\/2"}],"replies":[{"embeddable":true,"href":"https:\/\/elpueblonoticia.com.ar\/web\/wp-json\/wp\/v2\/comments?post=5240"}],"version-history":[{"count":1,"href":"https:\/\/elpueblonoticia.com.ar\/web\/wp-json\/wp\/v2\/posts\/5240\/revisions"}],"predecessor-version":[{"id":5242,"href":"https:\/\/elpueblonoticia.com.ar\/web\/wp-json\/wp\/v2\/posts\/5240\/revisions\/5242"}],"wp:featuredmedia":[{"embeddable":true,"href":"https:\/\/elpueblonoticia.com.ar\/web\/wp-json\/wp\/v2\/media\/5241"}],"wp:attachment":[{"href":"https:\/\/elpueblonoticia.com.ar\/web\/wp-json\/wp\/v2\/media?parent=5240"}],"wp:term":[{"taxonomy":"category","embeddable":true,"href":"https:\/\/elpueblonoticia.com.ar\/web\/wp-json\/wp\/v2\/categories?post=5240"},{"taxonomy":"post_tag","embeddable":true,"href":"https:\/\/elpueblonoticia.com.ar\/web\/wp-json\/wp\/v2\/tags?post=5240"}],"curies":[{"name":"wp","href":"https:\/\/api.w.org\/{rel}","templated":true}]}}