{"id":5237,"date":"2026-01-07T13:21:28","date_gmt":"2026-01-07T16:21:28","guid":{"rendered":"https:\/\/elpueblonoticia.com.ar\/web\/?p=5237"},"modified":"2026-01-07T13:21:28","modified_gmt":"2026-01-07T16:21:28","slug":"el-obispo-de-goya-cercano-a-los-devotos-de-la-cruz-gil","status":"publish","type":"post","link":"https:\/\/elpueblonoticia.com.ar\/web\/2026\/01\/07\/el-obispo-de-goya-cercano-a-los-devotos-de-la-cruz-gil\/","title":{"rendered":"El obispo de Goya, cercano a los devotos de la Cruz Gil"},"content":{"rendered":"<p>Monse\u00f1or Adolfo Canec\u00edn pide a los peregrinos vivir una experiencia profunda del Crucificado y servir a los hermanos. \u201cQuiero, una vez m\u00e1s; acercarme, acogerlos y acompa\u00f1arlos en su peregrinaci\u00f3n hacia la Cruz Gil\u201d, indic\u00f3 el prelado. El obispo permanecer\u00e1 en la ciudad de Mercedes, presidir\u00e1 la Eucarist\u00eda en el templo parroquial, bendecir\u00e1 a los peregrinos, oficiar\u00e1 un responso en el cementerio y en el \u00b4santuario\u00b4 ubicado sobre la ruta cercana a la localidad bendecir\u00e1 a los peregrinos. Los sacerdotes diocesanos durante dos d\u00edas estar\u00e1n escuchando confesiones y celebrando el sacramento de la reconciliaci\u00f3n.<\/p>\n<p>Acompa\u00f1an al obispo los presb\u00edteros Ram\u00f3n Felipe Espinoza, Adolfo Guti\u00e9rrez y Luis Alberto Adis, sacerdotes diocesanos que residen en la ciudad de Mercedes, quienes tuvieron a su cargo la celebraci\u00f3n de un triduo, en el oratorio de la Sant\u00edsima Cruz, -propiedad del obispado- donde se levant\u00f3 un templo donde se celebra la Eucarist\u00eda para los peregrinos.<\/p>\n<p>Monse\u00f1or Adolfo Canecin, acompa\u00f1ado por seis seminaristas, llegar\u00e1 el mi\u00e9rcoles 7 y presidir\u00e1 la misa en el templo de la Sant\u00edsima Cruz a las 19 horas.<\/p>\n<p>El 8 de enero, la misa central presidir\u00e1 el obispo en el cors\u00f3dromo de la ciudad de Mercedes a las 6 de la ma\u00f1ana, donde realizar\u00e1 la bendici\u00f3n de los peregrinos y jinetes que partir\u00e1n hacia el predio de la Cruz Gil, llevando la cruz de las catacumbas donde ser\u00e1n recibidos por otros sacerdotes. A las 10 rezar\u00e1 un responso en el cementerio de esa localidad.<\/p>\n<p><strong>CARTA PASTORAL<\/strong><\/p>\n<p>Monse\u00f1or Canecin en su carta a los peregrinos dijo que lo anima, sostiene e impulsa el Magisterio de la Iglesia.<\/p>\n<p>Referenci\u00f3 al papa San Pablo VI que habl\u00f3 de la piedad popular como un reflejo de la sed de Dios que solo los pobres y sencillos pueden conocer\u201d (Evengelii Nuntiandi, 48). Y tambi\u00e9n al papa Francisco que en Evangelii Gaudium (125-126) sostuvo: \u201cPara atender esta realidad hace falta acercarse a ella con la mirada del buen Pastor\u2026las expresiones de piedad popular tienen mucho que ense\u00f1arnos, y para quienes saben leerlas, son un lugar teol\u00f3gico al que debemos prestar atenci\u00f3n\u201d.<\/p>\n<p><strong>En el pecho, la cruz<\/strong><\/p>\n<p>El obispo goyano indic\u00f3 que los j\u00f3venes le hicieron escuchar una canci\u00f3n en la que expresaban: \u201cyo vengo del sur y del norte; del este y oeste, de todo lugar\u2026 Al pecho llevo una cruz y en mi coraz\u00f3n lo que dice Jes\u00fas\u201d.<\/p>\n<p>Propuso, entonces, detenerse ante estas afirmaciones:<\/p>\n<ul>\n<li>Al pecho llevo una cruz, para que siempre lleven ese signo con cada uno, y \u201cque, cada d\u00eda, marquen sus cuerpos y bendigan sus casas y cosas con la se\u00f1al de la cruz\u201d y en mi coraz\u00f3n lo que dice Jes\u00fas, como Mar\u00eda, la Virgen de Itat\u00ed, que guardaba y meditaba todo en su coraz\u00f3n. (Lc.2,19)<\/li>\n<\/ul>\n<p>Record\u00f3 que el Papa Francisco siempre ense\u00f1aba a conocer, guardar y practicar sobre todo dos textos b\u00edblicos, necesarios y suficientes para ser buen cristiano y ciudadano: el Serm\u00f3n de la Monta\u00f1a (Mt. 5, 1-12)\u00a0 y el texto en el que se\u00f1ala que en el Reino de los Cielos ser\u00e1n bienaventurados los que den testimonio con su servicio a los dem\u00e1s (Mt. 25,31-46).<\/p>\n<p>Finalmente, el obispo Canec\u00edn invit\u00f3 a toda la comunidad a llevar un prop\u00f3sito este a\u00f1o: leer, meditar y hacer vida estos dos pasajes b\u00edblicos.<\/p>\n","protected":false},"excerpt":{"rendered":"<p>Monse\u00f1or Adolfo Canec\u00edn pide a los peregrinos vivir una experiencia profunda del Crucificado y servir a los hermanos. \u201cQuiero, una vez m\u00e1s; acercarme, acogerlos y acompa\u00f1arlos en su peregrinaci\u00f3n hacia la Cruz Gil\u201d, indic\u00f3 el prelado. El obispo permanecer\u00e1 en la ciudad de Mercedes, presidir\u00e1 la Eucarist\u00eda en el templo parroquial, bendecir\u00e1 a los peregrinos, [&hellip;]<\/p>\n","protected":false},"author":2,"featured_media":5238,"comment_status":"open","ping_status":"open","sticky":false,"template":"","format":"standard","meta":{"footnotes":""},"categories":[56],"tags":[],"class_list":{"0":"post-5237","1":"post","2":"type-post","3":"status-publish","4":"format-standard","5":"has-post-thumbnail","7":"category-locales"},"_links":{"self":[{"href":"https:\/\/elpueblonoticia.com.ar\/web\/wp-json\/wp\/v2\/posts\/5237","targetHints":{"allow":["GET"]}}],"collection":[{"href":"https:\/\/elpueblonoticia.com.ar\/web\/wp-json\/wp\/v2\/posts"}],"about":[{"href":"https:\/\/elpueblonoticia.com.ar\/web\/wp-json\/wp\/v2\/types\/post"}],"author":[{"embeddable":true,"href":"https:\/\/elpueblonoticia.com.ar\/web\/wp-json\/wp\/v2\/users\/2"}],"replies":[{"embeddable":true,"href":"https:\/\/elpueblonoticia.com.ar\/web\/wp-json\/wp\/v2\/comments?post=5237"}],"version-history":[{"count":1,"href":"https:\/\/elpueblonoticia.com.ar\/web\/wp-json\/wp\/v2\/posts\/5237\/revisions"}],"predecessor-version":[{"id":5239,"href":"https:\/\/elpueblonoticia.com.ar\/web\/wp-json\/wp\/v2\/posts\/5237\/revisions\/5239"}],"wp:featuredmedia":[{"embeddable":true,"href":"https:\/\/elpueblonoticia.com.ar\/web\/wp-json\/wp\/v2\/media\/5238"}],"wp:attachment":[{"href":"https:\/\/elpueblonoticia.com.ar\/web\/wp-json\/wp\/v2\/media?parent=5237"}],"wp:term":[{"taxonomy":"category","embeddable":true,"href":"https:\/\/elpueblonoticia.com.ar\/web\/wp-json\/wp\/v2\/categories?post=5237"},{"taxonomy":"post_tag","embeddable":true,"href":"https:\/\/elpueblonoticia.com.ar\/web\/wp-json\/wp\/v2\/tags?post=5237"}],"curies":[{"name":"wp","href":"https:\/\/api.w.org\/{rel}","templated":true}]}}