{"id":5230,"date":"2026-01-07T13:02:39","date_gmt":"2026-01-07T16:02:39","guid":{"rendered":"https:\/\/elpueblonoticia.com.ar\/web\/?p=5230"},"modified":"2026-01-07T13:02:39","modified_gmt":"2026-01-07T16:02:39","slug":"conmocion-exterior-en-venezuela-que-dice-el-decreto-que-habilita-al-regimen-chavista-a-buscar-y-capturar-ciudadanos","status":"publish","type":"post","link":"https:\/\/elpueblonoticia.com.ar\/web\/2026\/01\/07\/conmocion-exterior-en-venezuela-que-dice-el-decreto-que-habilita-al-regimen-chavista-a-buscar-y-capturar-ciudadanos\/","title":{"rendered":"Conmoci\u00f3n exterior en Venezuela: Qu\u00e9 dice el decreto que habilita al r\u00e9gimen chavista a buscar y capturar ciudadanos"},"content":{"rendered":"<p>El texto da luz verde a la adopci\u00f3n de medidas excepcionales en materia de seguridad, econom\u00eda, sociedad y pol\u00edtica. La presidenta interina de Venezuela, Delcy Rodr\u00edguez, declar\u00f3 este lunes el Estado de Conmoci\u00f3n Exterior en todo el territorio nacional tras denunciar una \u201cagresi\u00f3n armada por parte de Estados Unidos\u201d.<\/p>\n<p>El Decreto N\u00b0 5.200, fechado el s\u00e1bado con la firma del ex dictador Nicol\u00e1s Maduro -lo dej\u00f3 listo antes de su detenci\u00f3n- y refrendado por su gabinete, habilita la adopci\u00f3n de medidas excepcionales en materia de seguridad, econom\u00eda, sociedad y pol\u00edtica, enmarcadas en lo que el chavismo calific\u00f3 como un escenario de \u201chostilidad externa sin precedentes\u201d.<\/p>\n<p>El texto presidencial, difundido en la Gaceta Oficial, fundamenta la decisi\u00f3n en la confirmaci\u00f3n reciente de un ataque por parte de fuerzas estadounidenses. El decreto califica el hecho como \u201cgrave violaci\u00f3n de la integridad territorial, soberan\u00eda e independencia de la Naci\u00f3n\u201d y como una infracci\u00f3n del Derecho Internacional, aludiendo de forma espec\u00edfica al numeral 4 del Art\u00edculo 2 de la Carta de las Naciones Unidas.<\/p>\n<p>La declaraci\u00f3n del Estado de Conmoci\u00f3n Exterior est\u00e1 contemplada en los art\u00edculos 337, 338 y 339 de la Constituci\u00f3n venezolana y regulada por la Ley Org\u00e1nica sobre Estados de Excepci\u00f3n. Su implementaci\u00f3n supone la movilizaci\u00f3n inmediata de la Fuerza Armada Nacional Bolivariana (FANB), as\u00ed como la orden de utilizar \u201ctodo el potencial existente como poder nacional\u201d para repeler la intervenci\u00f3n.<\/p>\n<h2 class=\"header headline-class-h2 headline\">B\u00fasqueda y captura de personas<\/h2>\n<p class=\"paragraph\" data-mrf-recirculation=\"Links inline\">Una de las disposiciones centrales -y m\u00e1s pol\u00e9micas- del decreto es la\u00a0<strong>a<\/strong>ctivaci\u00f3n de mecanismos de b\u00fasqueda y captura de personas\u00a0apuntadas por promover o apoyar el ataque.<\/p>\n<div class=\"news-module\" data-mrf-recirculation=\"IL_wLyG9sjfRQKb8QO3fSLumw\" data-testid=\"text-html\" data-mrf-experience=\"IL_wLyG9sjfRQKb8QO3fSLumw\">\n<div class=\"recommended-card__info\">\u201cLos \u00f3rganos de polic\u00eda nacionales, estaduales y municipales deber\u00e1n emprender de manera inmediata la b\u00fasqueda\u00a0y\u00a0captura en todo el territorio nacional\u00a0de toda persona involucrada en la promoci\u00f3n o apoyo del ataque armado de Estados Unidos de Am\u00e9rica contra el territorio de la Rep\u00fablica (\u2026) con miras a su juzgamiento\u201d, indica el escrito.<\/div>\n<\/div>\n<p class=\"paragraph\" data-mrf-recirculation=\"Links inline\">Esta directriz se extiende a la\u00a0colaboraci\u00f3n obligatoria\u00a0de los cuerpos policiales a escala nacional, regional y municipal, ordenando la remisi\u00f3n de los detenidos al Ministerio P\u00fablico y al sistema de justicia penal.<\/p>\n<p class=\"paragraph\" data-mrf-recirculation=\"Links inline\">El decreto establece tambi\u00e9n la\u00a0militarizaci\u00f3n\u00a0transitoria de la infraestructura de servicios p\u00fablicos, la industria petrolera y las industrias b\u00e1sicas, cuyos\u00a0trabajadores pasar\u00e1n temporalmente al r\u00e9gimen militar.<\/p>\n<p class=\"paragraph\" data-mrf-recirculation=\"Links inline\">Adem\u00e1s,\u00a0refuerza el control de fronteras terrestres, a\u00e9reas y mar\u00edtimas, y autoriza al Ejecutivo a dictar cualquier medida pol\u00edtica, legal, administrativa, econ\u00f3mica y social que considere necesaria para \u201crestablecer la normalidad\u201d.<\/p>\n<h2 class=\"header headline-class-h2 headline\">Atribuciones<\/h2>\n<p class=\"paragraph\" data-mrf-recirculation=\"Links inline\">Entre las atribuciones excepcionales figuran la\u00a0requisici\u00f3n\u00a0de bienes esenciales para la defensa nacional, la\u00a0restricci\u00f3n o suspensi\u00f3n del ingreso al pa\u00eds, el\u00a0cierre de fronteras, la\u00a0restricci\u00f3n del libre tr\u00e1nsito\u00a0y la\u00a0suspensi\u00f3n de reuniones y manifestaciones p\u00fablicas.<\/p>\n<p class=\"paragraph\" data-mrf-recirculation=\"Links inline\">El decreto faculta la exigencia de cooperaci\u00f3n a personas naturales y jur\u00eddicas, p\u00fablicas o privadas, incluyendo la imposici\u00f3n de servicios extraordinarios.<\/p>\n<p class=\"paragraph\" data-mrf-recirculation=\"Links inline\">\u201cToda medida dictada con base en esta declaratoria de Estado de Conmoci\u00f3n Exterior, as\u00ed como su ejecuci\u00f3n o implementaci\u00f3n, deber\u00e1 ser\u00a0proporcional a la situaci\u00f3n que se quiere afrontar\u00a0en lo que respecta a\u00a0gravedad, naturaleza y \u00e1mbito de aplicaci\u00f3n\u201c, subraya.<\/p>\n<p class=\"paragraph\" data-mrf-recirculation=\"Links inline\">La acci\u00f3n gubernamental alcanza a la\u00a0Milicia Nacional\u00a0y sus integrantes, que quedan bajo comando natural y alistados dentro del\u00a0Sistema Defensivo Territorial. El texto exige la colaboraci\u00f3n de todos los niveles del Ejecutivo, gobernadores, alcaldes y funcionarios p\u00fablicos, adem\u00e1s de las fuerzas militares y policiales.<\/p>\n<h2 class=\"header headline-class-h2 headline\">Duraci\u00f3n<\/h2>\n<p class=\"paragraph\" data-mrf-recirculation=\"Links inline\">La duraci\u00f3n inicial del Estado de Conmoci\u00f3n Exterior\u00a0es de\u00a090 d\u00edas,\u00a0prorrogables por una vez, seg\u00fan la Constituci\u00f3n. Desde su entrada en vigor quedan suspendidos los art\u00edculos legales incompatibles con el decreto, que ser\u00e1 remitido a la Asamblea Nacional y al Tribunal Supremo de Justicia para su control y revisi\u00f3n.<\/p>\n<p class=\"paragraph\" data-mrf-recirculation=\"Links inline\">Por \u00faltimo, exhort\u00f3 a la poblaci\u00f3n a \u201casumir activamente\u201d la defensa de la Naci\u00f3n y a colaborar en la aplicaci\u00f3n del decreto \u201cen uni\u00f3n c\u00edvico-militar-policia<strong>l<\/strong>, por la paz del pa\u00eds, nuestra independencia, nuestra soberan\u00eda y el derecho al desarrollo\u201d.<\/p>\n<p class=\"paragraph\" data-mrf-recirculation=\"Links inline\">Su publicaci\u00f3n en la\u00a0Gaceta Oficial\u00a0le otorga car\u00e1cter p\u00fablico y fuerza de ley inmediata, seg\u00fan certific\u00f3 el Servicio Aut\u00f3nomo Imprenta Nacional y Gaceta Oficial.<\/p>\n","protected":false},"excerpt":{"rendered":"<p>El texto da luz verde a la adopci\u00f3n de medidas excepcionales en materia de seguridad, econom\u00eda, sociedad y pol\u00edtica. La presidenta interina de Venezuela, Delcy Rodr\u00edguez, declar\u00f3 este lunes el Estado de Conmoci\u00f3n Exterior en todo el territorio nacional tras denunciar una \u201cagresi\u00f3n armada por parte de Estados Unidos\u201d. El Decreto N\u00b0 5.200, fechado el [&hellip;]<\/p>\n","protected":false},"author":2,"featured_media":5232,"comment_status":"open","ping_status":"open","sticky":false,"template":"","format":"standard","meta":{"footnotes":""},"categories":[81],"tags":[],"class_list":{"0":"post-5230","1":"post","2":"type-post","3":"status-publish","4":"format-standard","5":"has-post-thumbnail","7":"category-internacionales"},"_links":{"self":[{"href":"https:\/\/elpueblonoticia.com.ar\/web\/wp-json\/wp\/v2\/posts\/5230","targetHints":{"allow":["GET"]}}],"collection":[{"href":"https:\/\/elpueblonoticia.com.ar\/web\/wp-json\/wp\/v2\/posts"}],"about":[{"href":"https:\/\/elpueblonoticia.com.ar\/web\/wp-json\/wp\/v2\/types\/post"}],"author":[{"embeddable":true,"href":"https:\/\/elpueblonoticia.com.ar\/web\/wp-json\/wp\/v2\/users\/2"}],"replies":[{"embeddable":true,"href":"https:\/\/elpueblonoticia.com.ar\/web\/wp-json\/wp\/v2\/comments?post=5230"}],"version-history":[{"count":2,"href":"https:\/\/elpueblonoticia.com.ar\/web\/wp-json\/wp\/v2\/posts\/5230\/revisions"}],"predecessor-version":[{"id":5233,"href":"https:\/\/elpueblonoticia.com.ar\/web\/wp-json\/wp\/v2\/posts\/5230\/revisions\/5233"}],"wp:featuredmedia":[{"embeddable":true,"href":"https:\/\/elpueblonoticia.com.ar\/web\/wp-json\/wp\/v2\/media\/5232"}],"wp:attachment":[{"href":"https:\/\/elpueblonoticia.com.ar\/web\/wp-json\/wp\/v2\/media?parent=5230"}],"wp:term":[{"taxonomy":"category","embeddable":true,"href":"https:\/\/elpueblonoticia.com.ar\/web\/wp-json\/wp\/v2\/categories?post=5230"},{"taxonomy":"post_tag","embeddable":true,"href":"https:\/\/elpueblonoticia.com.ar\/web\/wp-json\/wp\/v2\/tags?post=5230"}],"curies":[{"name":"wp","href":"https:\/\/api.w.org\/{rel}","templated":true}]}}