{"id":5227,"date":"2026-01-07T12:58:14","date_gmt":"2026-01-07T15:58:14","guid":{"rendered":"https:\/\/elpueblonoticia.com.ar\/web\/?p=5227"},"modified":"2026-01-07T12:58:14","modified_gmt":"2026-01-07T15:58:14","slug":"el-gobierno-prorrogo-por-seis-meses-los-beneficios-fiscales-a-la-importacion-de-una-serie-de-productos-cuales-son","status":"publish","type":"post","link":"https:\/\/elpueblonoticia.com.ar\/web\/2026\/01\/07\/el-gobierno-prorrogo-por-seis-meses-los-beneficios-fiscales-a-la-importacion-de-una-serie-de-productos-cuales-son\/","title":{"rendered":"El gobierno prorrog\u00f3 por seis meses los beneficios fiscales a la importaci\u00f3n de una serie de productos: Cu\u00e1les son"},"content":{"rendered":"<p>A trav\u00e9s de ARCA, el Ejecutivo extendi\u00f3 hasta el 30 de junio el r\u00e9gimen que reduce la carga impositiva sobre importaciones de bienes de primera necesidad.\u00a0En un nuevo intento por contener la inflaci\u00f3n, el Gobierno extendi\u00f3 hasta el\u00a030 de junio\u00a0un beneficio fiscal clave para las pymes.<\/p>\n<p>Se trata de la exenci\u00f3n del impuesto a las Ganancias y del IVA para la importaci\u00f3n de alimentos de la canasta b\u00e1sica, bienes de primera necesidad, medicamentos e insumos.<\/p>\n<p class=\"paragraph\" data-mrf-recirculation=\"Links inline\">La medida, que se implementar\u00e1 a trav\u00e9s de la Agencia de Recaudaci\u00f3n y Control Aduanero\u00a0exime a las peque\u00f1as y medianas empresas de los dos grav\u00e1menes b\u00e1sicos que rigen para cualquier importaci\u00f3n y que encarecen las compras en el exterior.<\/p>\n<p class=\"paragraph\" data-mrf-recirculation=\"Links inline\">Todos aquellos importadores que quieran acceder al beneficio deber\u00e1n presentar el Certificado MiPyme vigente al momento de la operaci\u00f3n, seg\u00fan se estableci\u00f3 en la resoluci\u00f3n publicada este martes en el Bolet\u00edn Oficial.<\/p>\n<h2 class=\"header headline-class-h2 headline\">Efectos en la inflaci\u00f3n<\/h2>\n<p class=\"paragraph\" data-mrf-recirculation=\"Links inline\">El objetivo oficial es reducir costos y evitar que esos impuestos se trasladen a los precios finales, en un contexto en el que los alimentos y los productos de primera necesidad contin\u00faan siendo uno de los principales focos de\u00a0presi\u00f3n inflacionaria.<\/p>\n<p class=\"paragraph\" data-mrf-recirculation=\"Links inline\">Si bien el Presupuesto 2026 proyecta un\u00a0\u00cdndice de Precios al Consumidor (IPC)\u00a0del\u00a010,1%\u00a0para el pr\u00f3ximo a\u00f1o, las expectativas privadas son m\u00e1s elevadas. De acuerdo con el \u00faltimo relevamiento de LatinFocus, la inflaci\u00f3n anual esperada se ubica en\u00a023,9%<strong>,<\/strong>\u00a0mientras que distintas consultoras advierten que el escenario podr\u00eda ser m\u00e1s desafiante de lo previsto por el Gobierno.<\/p>\n<h2 class=\"header headline-class-h2 headline\">M\u00e1s presi\u00f3n para los locales<\/h2>\n<p class=\"paragraph\" data-mrf-recirculation=\"Links inline\">Aunque la decisi\u00f3n recibi\u00f3 cr\u00edticas por el impacto negativo que podr\u00eda tener sobre la industria local, el Ejecutivo defendi\u00f3 la medida con un argumento que ya viene utilizando en otros sectores. Se focaliza en\u00a0fomentar una mayor competencia de la mano de los productos importados para bajar los precios internos.<\/p>\n<p class=\"paragraph\" data-mrf-recirculation=\"Links inline\">En ese sentido, la pr\u00f3rroga de la exenci\u00f3n impositiva no aparece como un hecho aislado, sino como parte de una de las estrategias m\u00e1s utilizadas por el Gobierno para avanzar en una mayor apertura comercial y en el control de la inflaci\u00f3n.<\/p>\n<p class=\"paragraph\" data-mrf-recirculation=\"Links inline\">En los \u00faltimos meses, la administraci\u00f3n libertaria flexibiliz\u00f3 las importaciones en distintos rubros con el mismo objetivo. Uno de los casos m\u00e1s visibles fue el del sector\u00a0automotor, en el que se habilit\u00f3 un mayor ingreso de veh\u00edculos importados \u2014en su mayor\u00eda, de origen chino\u2014 con la intenci\u00f3n de reducir los precios locales, hist\u00f3ricamente por encima de los valores internacionales.<\/p>\n<p class=\"paragraph\" data-mrf-recirculation=\"Links inline\">A ese esquema se sumaron cambios en el mercado de\u00a0celulares, electrodom\u00e9sticos y productos tecnol\u00f3gicos<strong>,<\/strong>\u00a0tres rubros en los que el Ministerio de Econom\u00eda apunt\u00f3 a achicar la brecha entre los precios en la Argentina y los de pa\u00edses vecinos.<\/p>\n<p class=\"paragraph\" data-mrf-recirculation=\"Links inline\">Sin embargo, al igual que ocurri\u00f3 con la apertura para autos y tecnolog\u00eda, la medida genera resistencia en parte del entramado productivo local. La eliminaci\u00f3n de impuestos a las importaciones, advierten desde distintos sectores,\u00a0profundizar\u00eda las asimetr\u00edas frente a los productores nacionales,que enfrentan una carga tributaria m\u00e1s elevada y mayores costos laborales y log\u00edsticos.<\/p>\n<p class=\"paragraph\" data-mrf-recirculation=\"Links inline\">El principal cuestionamiento apunta a que, si bien la exenci\u00f3n busca aliviar el bolsillo del consumidor, podr\u00eda afectar a empresas locales que compiten con productos importados m\u00e1s baratos, especialmente en un contexto de consumo todav\u00eda d\u00e9bil,\u00a0con posibles impactos sobre el empleo.<\/p>\n<p class=\"paragraph\" data-mrf-recirculation=\"Links inline\">Desde el lado oficial, en cambio, se remarca que el beneficio est\u00e1 dirigido a pymes importadoras y no a grandes jugadores. As\u00ed, el objetivo es\u00a0ampliar la oferta y evitar posiciones dominantes.<\/p>\n<h2 class=\"header headline-class-h2 headline\">R\u00e9cord de importaciones<\/h2>\n<p class=\"paragraph\" data-mrf-recirculation=\"Links inline\">El avance de la apertura comercial se reflej\u00f3 tambi\u00e9n en los n\u00fameros oficiales. Hasta noviembre de 2025, las importaciones de bienes en la Argentina se ubicaron cerca del m\u00e1ximo hist\u00f3rico registrado en 2022 y mostraron un nivel que podr\u00eda llegar a triplicar el promedio de la d\u00e9cada de los noventa.<\/p>\n<p class=\"paragraph\" data-mrf-recirculation=\"Links inline\">Entre enero y noviembre del a\u00f1o pasado, el volumen importado alcanz\u00f3 los USD 70.235 millones, lo que representa un crecimiento interanual del\u00a027%.<\/p>\n","protected":false},"excerpt":{"rendered":"<p>A trav\u00e9s de ARCA, el Ejecutivo extendi\u00f3 hasta el 30 de junio el r\u00e9gimen que reduce la carga impositiva sobre importaciones de bienes de primera necesidad.\u00a0En un nuevo intento por contener la inflaci\u00f3n, el Gobierno extendi\u00f3 hasta el\u00a030 de junio\u00a0un beneficio fiscal clave para las pymes. Se trata de la exenci\u00f3n del impuesto a las [&hellip;]<\/p>\n","protected":false},"author":2,"featured_media":5228,"comment_status":"open","ping_status":"open","sticky":false,"template":"","format":"standard","meta":{"footnotes":""},"categories":[65],"tags":[],"class_list":{"0":"post-5227","1":"post","2":"type-post","3":"status-publish","4":"format-standard","5":"has-post-thumbnail","7":"category-economia"},"_links":{"self":[{"href":"https:\/\/elpueblonoticia.com.ar\/web\/wp-json\/wp\/v2\/posts\/5227","targetHints":{"allow":["GET"]}}],"collection":[{"href":"https:\/\/elpueblonoticia.com.ar\/web\/wp-json\/wp\/v2\/posts"}],"about":[{"href":"https:\/\/elpueblonoticia.com.ar\/web\/wp-json\/wp\/v2\/types\/post"}],"author":[{"embeddable":true,"href":"https:\/\/elpueblonoticia.com.ar\/web\/wp-json\/wp\/v2\/users\/2"}],"replies":[{"embeddable":true,"href":"https:\/\/elpueblonoticia.com.ar\/web\/wp-json\/wp\/v2\/comments?post=5227"}],"version-history":[{"count":1,"href":"https:\/\/elpueblonoticia.com.ar\/web\/wp-json\/wp\/v2\/posts\/5227\/revisions"}],"predecessor-version":[{"id":5229,"href":"https:\/\/elpueblonoticia.com.ar\/web\/wp-json\/wp\/v2\/posts\/5227\/revisions\/5229"}],"wp:featuredmedia":[{"embeddable":true,"href":"https:\/\/elpueblonoticia.com.ar\/web\/wp-json\/wp\/v2\/media\/5228"}],"wp:attachment":[{"href":"https:\/\/elpueblonoticia.com.ar\/web\/wp-json\/wp\/v2\/media?parent=5227"}],"wp:term":[{"taxonomy":"category","embeddable":true,"href":"https:\/\/elpueblonoticia.com.ar\/web\/wp-json\/wp\/v2\/categories?post=5227"},{"taxonomy":"post_tag","embeddable":true,"href":"https:\/\/elpueblonoticia.com.ar\/web\/wp-json\/wp\/v2\/tags?post=5227"}],"curies":[{"name":"wp","href":"https:\/\/api.w.org\/{rel}","templated":true}]}}