{"id":5211,"date":"2026-01-07T12:26:56","date_gmt":"2026-01-07T15:26:56","guid":{"rendered":"https:\/\/elpueblonoticia.com.ar\/web\/?p=5211"},"modified":"2026-01-07T12:26:56","modified_gmt":"2026-01-07T15:26:56","slug":"el-gobierno-provincial-anuncia-un-bono-extraordinario-para-beneficiarios-becas-y-lideres-comunitarios","status":"publish","type":"post","link":"https:\/\/elpueblonoticia.com.ar\/web\/2026\/01\/07\/el-gobierno-provincial-anuncia-un-bono-extraordinario-para-beneficiarios-becas-y-lideres-comunitarios\/","title":{"rendered":"El gobierno provincial anuncia un bono extraordinario para beneficiarios becas y l\u00edderes comunitarios"},"content":{"rendered":"<p>El Gobierno de Corrientes comunica a los beneficiarios de becas y l\u00edderes comunitarios del Ministerio de Desarrollo Social, un bono extraordinario que estar\u00e1 disponible en cajeros autom\u00e1ticos desde este mi\u00e9rcoles 7 de enero.<\/p>\n","protected":false},"excerpt":{"rendered":"<p>El Gobierno de Corrientes comunica a los beneficiarios de becas y l\u00edderes comunitarios del Ministerio de Desarrollo Social, un bono extraordinario que estar\u00e1 disponible en cajeros autom\u00e1ticos desde este mi\u00e9rcoles 7 de enero.<\/p>\n","protected":false},"author":2,"featured_media":5212,"comment_status":"open","ping_status":"open","sticky":false,"template":"","format":"standard","meta":{"footnotes":""},"categories":[72],"tags":[],"class_list":{"0":"post-5211","1":"post","2":"type-post","3":"status-publish","4":"format-standard","5":"has-post-thumbnail","7":"category-provinciales"},"_links":{"self":[{"href":"https:\/\/elpueblonoticia.com.ar\/web\/wp-json\/wp\/v2\/posts\/5211","targetHints":{"allow":["GET"]}}],"collection":[{"href":"https:\/\/elpueblonoticia.com.ar\/web\/wp-json\/wp\/v2\/posts"}],"about":[{"href":"https:\/\/elpueblonoticia.com.ar\/web\/wp-json\/wp\/v2\/types\/post"}],"author":[{"embeddable":true,"href":"https:\/\/elpueblonoticia.com.ar\/web\/wp-json\/wp\/v2\/users\/2"}],"replies":[{"embeddable":true,"href":"https:\/\/elpueblonoticia.com.ar\/web\/wp-json\/wp\/v2\/comments?post=5211"}],"version-history":[{"count":1,"href":"https:\/\/elpueblonoticia.com.ar\/web\/wp-json\/wp\/v2\/posts\/5211\/revisions"}],"predecessor-version":[{"id":5213,"href":"https:\/\/elpueblonoticia.com.ar\/web\/wp-json\/wp\/v2\/posts\/5211\/revisions\/5213"}],"wp:featuredmedia":[{"embeddable":true,"href":"https:\/\/elpueblonoticia.com.ar\/web\/wp-json\/wp\/v2\/media\/5212"}],"wp:attachment":[{"href":"https:\/\/elpueblonoticia.com.ar\/web\/wp-json\/wp\/v2\/media?parent=5211"}],"wp:term":[{"taxonomy":"category","embeddable":true,"href":"https:\/\/elpueblonoticia.com.ar\/web\/wp-json\/wp\/v2\/categories?post=5211"},{"taxonomy":"post_tag","embeddable":true,"href":"https:\/\/elpueblonoticia.com.ar\/web\/wp-json\/wp\/v2\/tags?post=5211"}],"curies":[{"name":"wp","href":"https:\/\/api.w.org\/{rel}","templated":true}]}}