{"id":5206,"date":"2026-01-07T12:23:21","date_gmt":"2026-01-07T15:23:21","guid":{"rendered":"https:\/\/elpueblonoticia.com.ar\/web\/?p=5206"},"modified":"2026-01-07T12:25:16","modified_gmt":"2026-01-07T15:25:16","slug":"monsenor-canecin-invita-a-orar-por-el-primer-consistorio-convocado-por-el-papa-leon-xiv","status":"publish","type":"post","link":"https:\/\/elpueblonoticia.com.ar\/web\/2026\/01\/07\/monsenor-canecin-invita-a-orar-por-el-primer-consistorio-convocado-por-el-papa-leon-xiv\/","title":{"rendered":"Monse\u00f1or Canec\u00edn invita a orar por el primer consistorio convocado por el papa Le\u00f3n XIV"},"content":{"rendered":"<div>\n<p>El obispo de Goya, inst\u00f3 a la feligres\u00eda diocesana a acompa\u00f1ar con la oraci\u00f3n este encuentro eclesial que se desarrollar\u00e1 el 7 y 8 de enero en el Vaticano, y que contar\u00e1 con la participaci\u00f3n de dos cardenales argentinos. Monse\u00f1or Canecin pidi\u00f3 a la comunidad rezar para que el Esp\u00edritu Santo ilumine el discernimiento de los cardenales, fortalezca la unidad eclesial y haga que este tiempo sea fecundo.<\/p>\n<p>El obispo de la Di\u00f3cesis de Goya, Monse\u00f1or Adolfo Canec\u00edn, se dirigi\u00f3 a la comunidad diocesana para invitar a todos los fieles a unir sus oraciones por el Consistorio de los Cardenales, el primero convocado por el Papa Le\u00f3n XIV en lo que va de su pontificado.<\/p>\n<p>Los ejes centrales del debate ser\u00e1n: La exhortaci\u00f3n Evangelii gaudium y la misi\u00f3n de la Iglesia. La constituci\u00f3n apost\u00f3lica Praedicate evangelium (sobre el rol de la Curia y su relaci\u00f3n con las Iglesias locales). La sinodalidad y la liturgia.<\/p>\n<p>Canec\u00edn destac\u00f3 con alegr\u00eda la participaci\u00f3n del arzobispo de C\u00f3rdoba, Monse\u00f1or \u00c1ngel Sixto Rossi, y el arzobispo de Santiago del Estero, Monse\u00f1or Vicente Bokalic Iglic.<\/p>\n<\/div>\n<div class=\"s2s_supra_contenedor lang_directon_right s2sdefault align_left s2s_balloon_bottom \">\n<div class=\"s2s_contenedor s2s_no_text s2s-btn-group\">\n<div class=\"s2s_twitter s2s_btn s2s-btn-xs \">\n<p>&nbsp;<\/p>\n<div class=\"globo s2s_globo_closed s2s_twitter_iframe\">\n<div class=\"s2s_flecha\"><\/div>\n<\/div>\n<\/div>\n<div class=\"s2s_facebook s2s_btn s2s-btn-xs \">\n<p>&nbsp;<\/p>\n<div class=\"globo s2s_globo_closed s2s_facebook_iframe\">\n<div class=\"s2s_flecha\"><\/div>\n<div id=\"fb-root\"><\/div>\n<\/div>\n<\/div>\n<div class=\"s2s_wapp s2s_btn s2s-btn-xs \">\n<p>&nbsp;<\/p>\n<div class=\"globo s2s_globo_closed s2s_wapp_iframe\">\n<div class=\"s2s_flecha\"><\/div>\n<p>&nbsp;<\/p>\n<\/div>\n<\/div>\n<\/div>\n<div class=\"s2s_credits_wrapper\"><\/div>\n<\/div>\n","protected":false},"excerpt":{"rendered":"<p>El obispo de Goya, inst\u00f3 a la feligres\u00eda diocesana a acompa\u00f1ar con la oraci\u00f3n este encuentro eclesial que se desarrollar\u00e1 el 7 y 8 de enero en el Vaticano, y que contar\u00e1 con la participaci\u00f3n de dos cardenales argentinos. Monse\u00f1or Canecin pidi\u00f3 a la comunidad rezar para que el Esp\u00edritu Santo ilumine el discernimiento de [&hellip;]<\/p>\n","protected":false},"author":2,"featured_media":5209,"comment_status":"open","ping_status":"open","sticky":false,"template":"","format":"standard","meta":{"footnotes":""},"categories":[56],"tags":[],"class_list":{"0":"post-5206","1":"post","2":"type-post","3":"status-publish","4":"format-standard","5":"has-post-thumbnail","7":"category-locales"},"_links":{"self":[{"href":"https:\/\/elpueblonoticia.com.ar\/web\/wp-json\/wp\/v2\/posts\/5206","targetHints":{"allow":["GET"]}}],"collection":[{"href":"https:\/\/elpueblonoticia.com.ar\/web\/wp-json\/wp\/v2\/posts"}],"about":[{"href":"https:\/\/elpueblonoticia.com.ar\/web\/wp-json\/wp\/v2\/types\/post"}],"author":[{"embeddable":true,"href":"https:\/\/elpueblonoticia.com.ar\/web\/wp-json\/wp\/v2\/users\/2"}],"replies":[{"embeddable":true,"href":"https:\/\/elpueblonoticia.com.ar\/web\/wp-json\/wp\/v2\/comments?post=5206"}],"version-history":[{"count":2,"href":"https:\/\/elpueblonoticia.com.ar\/web\/wp-json\/wp\/v2\/posts\/5206\/revisions"}],"predecessor-version":[{"id":5210,"href":"https:\/\/elpueblonoticia.com.ar\/web\/wp-json\/wp\/v2\/posts\/5206\/revisions\/5210"}],"wp:featuredmedia":[{"embeddable":true,"href":"https:\/\/elpueblonoticia.com.ar\/web\/wp-json\/wp\/v2\/media\/5209"}],"wp:attachment":[{"href":"https:\/\/elpueblonoticia.com.ar\/web\/wp-json\/wp\/v2\/media?parent=5206"}],"wp:term":[{"taxonomy":"category","embeddable":true,"href":"https:\/\/elpueblonoticia.com.ar\/web\/wp-json\/wp\/v2\/categories?post=5206"},{"taxonomy":"post_tag","embeddable":true,"href":"https:\/\/elpueblonoticia.com.ar\/web\/wp-json\/wp\/v2\/tags?post=5206"}],"curies":[{"name":"wp","href":"https:\/\/api.w.org\/{rel}","templated":true}]}}