{"id":5198,"date":"2026-01-07T12:18:37","date_gmt":"2026-01-07T15:18:37","guid":{"rendered":"https:\/\/elpueblonoticia.com.ar\/web\/?p=5198"},"modified":"2026-01-07T12:18:37","modified_gmt":"2026-01-07T15:18:37","slug":"designan-a-ramon-fernando-ranaletti-como-defensor-oficial-penal-en-esquina","status":"publish","type":"post","link":"https:\/\/elpueblonoticia.com.ar\/web\/2026\/01\/07\/designan-a-ramon-fernando-ranaletti-como-defensor-oficial-penal-en-esquina\/","title":{"rendered":"Designan a Ram\u00f3n Fernando Ranaletti como defensor oficial penal en Esquina"},"content":{"rendered":"<p>Actualmente,\u00a0Ranaletti se desempe\u00f1a como Defensor de Pobres y Ausentes en la ciudad de Bella Vista, cargo que ocupa antes de asumir su nueva funci\u00f3n en la Segunda Circunscripci\u00f3n Judicial.<\/p>\n<p>El Gobierno de la Provincia de Corrientes oficializ\u00f3 la designaci\u00f3n del Dr.\u00a0Ram\u00f3n Fernando Ranaletti\u00a0como\u00a0Defensor Oficial Penal de la Segunda Circunscripci\u00f3n Judicial, con asiento en la ciudad de\u00a0Esquina, tras el acuerdo otorgado por el Honorable Senado provincial.<\/p>\n<p>La medida qued\u00f3 formalizada mediante el\u00a0Decreto de Designaci\u00f3n, en el marco de la\u00a0Resoluci\u00f3n N.\u00ba 26, de fecha\u00a017 de diciembre de 2025, a trav\u00e9s de la cual el Senado prest\u00f3 el acuerdo constitucional exigido por el\u00a0art\u00edculo 182 de la Constituci\u00f3n de la Provincia de Corrientes, luego de cumplirse el tr\u00e1mite parlamentario y la correspondiente Audiencia P\u00fablica.<\/p>\n<p>Seg\u00fan lo establecido en el decreto, el nombramiento se realiza en uso de las atribuciones conferidas al Poder Ejecutivo por el\u00a0art\u00edculo 162, incisos 1, 2 y 10, de la Constituci\u00f3n Provincial. En su\u00a0art\u00edculo 1<strong>\u00ba<\/strong>\u00a0se dispone la designaci\u00f3n del Dr. Ranaletti, mientras que el\u00a0art\u00edculo 2\u00ba\u00a0indica que el decreto es refrendado por el\u00a0Ministro de Justicia y Derechos Humanos. Finalmente, el\u00a0<strong>art\u00edculo 3\u00ba<\/strong>\u00a0ordena su comunicaci\u00f3n, publicaci\u00f3n en el Registro Oficial y archivo.<\/p>\n<p>De acuerdo a lo\u00a0confirmado a actualidadesquina.com.ar, la\u00a0jura del nuevo Defensor Oficial Penal se realizar\u00e1 durante el mes de febrero, completando as\u00ed el procedimiento institucional para su asunci\u00f3n formal en el cargo.<\/p>\n<p>Con esta designaci\u00f3n, se cubre un cargo clave dentro del sistema judicial de la ciudad de Esquina y la Segunda Circunscripci\u00f3n Judicial.<\/p>\n","protected":false},"excerpt":{"rendered":"<p>Actualmente,\u00a0Ranaletti se desempe\u00f1a como Defensor de Pobres y Ausentes en la ciudad de Bella Vista, cargo que ocupa antes de asumir su nueva funci\u00f3n en la Segunda Circunscripci\u00f3n Judicial. El Gobierno de la Provincia de Corrientes oficializ\u00f3 la designaci\u00f3n del Dr.\u00a0Ram\u00f3n Fernando Ranaletti\u00a0como\u00a0Defensor Oficial Penal de la Segunda Circunscripci\u00f3n Judicial, con asiento en la ciudad [&hellip;]<\/p>\n","protected":false},"author":2,"featured_media":5199,"comment_status":"open","ping_status":"open","sticky":false,"template":"","format":"standard","meta":{"footnotes":""},"categories":[72],"tags":[],"class_list":{"0":"post-5198","1":"post","2":"type-post","3":"status-publish","4":"format-standard","5":"has-post-thumbnail","7":"category-provinciales"},"_links":{"self":[{"href":"https:\/\/elpueblonoticia.com.ar\/web\/wp-json\/wp\/v2\/posts\/5198","targetHints":{"allow":["GET"]}}],"collection":[{"href":"https:\/\/elpueblonoticia.com.ar\/web\/wp-json\/wp\/v2\/posts"}],"about":[{"href":"https:\/\/elpueblonoticia.com.ar\/web\/wp-json\/wp\/v2\/types\/post"}],"author":[{"embeddable":true,"href":"https:\/\/elpueblonoticia.com.ar\/web\/wp-json\/wp\/v2\/users\/2"}],"replies":[{"embeddable":true,"href":"https:\/\/elpueblonoticia.com.ar\/web\/wp-json\/wp\/v2\/comments?post=5198"}],"version-history":[{"count":1,"href":"https:\/\/elpueblonoticia.com.ar\/web\/wp-json\/wp\/v2\/posts\/5198\/revisions"}],"predecessor-version":[{"id":5200,"href":"https:\/\/elpueblonoticia.com.ar\/web\/wp-json\/wp\/v2\/posts\/5198\/revisions\/5200"}],"wp:featuredmedia":[{"embeddable":true,"href":"https:\/\/elpueblonoticia.com.ar\/web\/wp-json\/wp\/v2\/media\/5199"}],"wp:attachment":[{"href":"https:\/\/elpueblonoticia.com.ar\/web\/wp-json\/wp\/v2\/media?parent=5198"}],"wp:term":[{"taxonomy":"category","embeddable":true,"href":"https:\/\/elpueblonoticia.com.ar\/web\/wp-json\/wp\/v2\/categories?post=5198"},{"taxonomy":"post_tag","embeddable":true,"href":"https:\/\/elpueblonoticia.com.ar\/web\/wp-json\/wp\/v2\/tags?post=5198"}],"curies":[{"name":"wp","href":"https:\/\/api.w.org\/{rel}","templated":true}]}}