{"id":5185,"date":"2026-01-06T14:04:05","date_gmt":"2026-01-06T17:04:05","guid":{"rendered":"https:\/\/elpueblonoticia.com.ar\/web\/?p=5185"},"modified":"2026-01-06T14:04:05","modified_gmt":"2026-01-06T17:04:05","slug":"el-gobierno-de-corrientes-confirmo-el-cronograma-de-pago-del-plus-unificado-de-enero","status":"publish","type":"post","link":"https:\/\/elpueblonoticia.com.ar\/web\/2026\/01\/06\/el-gobierno-de-corrientes-confirmo-el-cronograma-de-pago-del-plus-unificado-de-enero\/","title":{"rendered":"El gobierno de Corrientes confirm\u00f3 el cronograma de pago del plus unificado de Enero."},"content":{"rendered":"<div>\n<p>El Gobierno de Corrientes inform\u00f3 el cronograma de pago del plus unificado para los trabajadores provinciales activos y jubilados correspondiente a enero. La liquidaci\u00f3n se realizar\u00e1 por terminaci\u00f3n de n\u00famero de documento y se iniciar\u00e1 este lunes 12 para los agentes con DNI finalizados en 0 y 1.<\/p>\n<p>Para este primer tramo, los fondos estar\u00e1n disponibles en los cajeros autom\u00e1ticos a partir del s\u00e1bado 10.<\/p>\n<p>El esquema de pagos continuar\u00e1 el martes 13 para los documentos terminados en 2 y 3, mientras que el mi\u00e9rcoles 14 percibir\u00e1n el beneficio quienes tengan DNI finalizados en 4 y 5. El jueves 15 ser\u00e1 el turno para los agentes con terminaci\u00f3n en 6 y 7, y el cronograma finalizar\u00e1 el viernes 16 de enero con los documentos concluidos en 8 y 9.<\/p>\n<\/div>\n<div class=\"s2s_supra_contenedor lang_directon_right s2sdefault  align_left  s2s_balloon_bottom \">\n<div class=\"s2s_contenedor  s2s_no_text  s2s-btn-group\">\n<div class=\"s2s_twitter s2s_btn s2s-btn-xs \"><i class=\"s2sfo fo-twitter\"><\/i><\/p>\n<div class=\"globo s2s_globo_closed s2s_twitter_iframe\">\n<div class=\"s2s_flecha\"><\/div>\n<\/div>\n<\/div>\n<div class=\"s2s_facebook s2s_btn s2s-btn-xs \"><i class=\"s2sfo fo-facebook\"><\/i><\/p>\n<div class=\"globo s2s_globo_closed s2s_facebook_iframe\">\n<div class=\"s2s_flecha\"><\/div>\n<div id=\"fb-root\"><\/div>\n<\/div>\n<\/div>\n<div class=\"s2s_wapp s2s_btn s2s-btn-xs  \"><i class=\"s2sfo fo-whatsapp\"><\/i><\/p>\n<div class=\"globo s2s_globo_closed s2s_wapp_iframe\">\n<div class=\"s2s_flecha\"><\/div>\n<p><i class=\"s2sfo fo-whatsapp\" aria-hidden=\"true\"><\/i><\/div>\n<\/div>\n<\/div>\n<div class=\"s2s_credits_wrapper\"><\/div>\n<\/div>\n","protected":false},"excerpt":{"rendered":"<p>El Gobierno de Corrientes inform\u00f3 el cronograma de pago del plus unificado para los trabajadores provinciales activos y jubilados correspondiente a enero. La liquidaci\u00f3n se realizar\u00e1 por terminaci\u00f3n de n\u00famero de documento y se iniciar\u00e1 este lunes 12 para los agentes con DNI finalizados en 0 y 1. Para este primer tramo, los fondos estar\u00e1n [&hellip;]<\/p>\n","protected":false},"author":2,"featured_media":5187,"comment_status":"open","ping_status":"open","sticky":false,"template":"","format":"standard","meta":{"footnotes":""},"categories":[72],"tags":[],"class_list":{"0":"post-5185","1":"post","2":"type-post","3":"status-publish","4":"format-standard","5":"has-post-thumbnail","7":"category-provinciales"},"_links":{"self":[{"href":"https:\/\/elpueblonoticia.com.ar\/web\/wp-json\/wp\/v2\/posts\/5185","targetHints":{"allow":["GET"]}}],"collection":[{"href":"https:\/\/elpueblonoticia.com.ar\/web\/wp-json\/wp\/v2\/posts"}],"about":[{"href":"https:\/\/elpueblonoticia.com.ar\/web\/wp-json\/wp\/v2\/types\/post"}],"author":[{"embeddable":true,"href":"https:\/\/elpueblonoticia.com.ar\/web\/wp-json\/wp\/v2\/users\/2"}],"replies":[{"embeddable":true,"href":"https:\/\/elpueblonoticia.com.ar\/web\/wp-json\/wp\/v2\/comments?post=5185"}],"version-history":[{"count":1,"href":"https:\/\/elpueblonoticia.com.ar\/web\/wp-json\/wp\/v2\/posts\/5185\/revisions"}],"predecessor-version":[{"id":5188,"href":"https:\/\/elpueblonoticia.com.ar\/web\/wp-json\/wp\/v2\/posts\/5185\/revisions\/5188"}],"wp:featuredmedia":[{"embeddable":true,"href":"https:\/\/elpueblonoticia.com.ar\/web\/wp-json\/wp\/v2\/media\/5187"}],"wp:attachment":[{"href":"https:\/\/elpueblonoticia.com.ar\/web\/wp-json\/wp\/v2\/media?parent=5185"}],"wp:term":[{"taxonomy":"category","embeddable":true,"href":"https:\/\/elpueblonoticia.com.ar\/web\/wp-json\/wp\/v2\/categories?post=5185"},{"taxonomy":"post_tag","embeddable":true,"href":"https:\/\/elpueblonoticia.com.ar\/web\/wp-json\/wp\/v2\/tags?post=5185"}],"curies":[{"name":"wp","href":"https:\/\/api.w.org\/{rel}","templated":true}]}}