{"id":5182,"date":"2026-01-06T14:00:16","date_gmt":"2026-01-06T17:00:16","guid":{"rendered":"https:\/\/elpueblonoticia.com.ar\/web\/?p=5182"},"modified":"2026-01-06T14:00:16","modified_gmt":"2026-01-06T17:00:16","slug":"secuestran-mas-de-140-kilos-de-carne-no-apta-para-el-consumo","status":"publish","type":"post","link":"https:\/\/elpueblonoticia.com.ar\/web\/2026\/01\/06\/secuestran-mas-de-140-kilos-de-carne-no-apta-para-el-consumo\/","title":{"rendered":"Secuestran m\u00e1s de 140 kilos de carne no apta para el consumo."},"content":{"rendered":"<p>En el marco del Plan Integral de Prevenci\u00f3n del Abigeato, la Unidad Especial de Seguridad Rural y Ecol\u00f3gica de Lavalle \u2013 PRIAR &#8211; intensific\u00f3 los controles en carnicer\u00edas de la localidad de Santa Luc\u00eda. Durante un relevamiento de rutina, se detectaron graves irregularidades sanitarias que pusieron en alerta a las autoridades locales. El procedimiento se llev\u00f3 a cabo bajo las \u00f3rdenes del comisario inspector Miguel Angel Soler.<\/p>\n<p>Al inspeccionar la carnicer\u00eda ubicada en la Avenida San Mart\u00edn al 1100, los efectivos constataron la presencia de cortes bovinos que carec\u00edan de sellos sanitarios y no contaban con los controles bromatol\u00f3gicos obligatorios. Seg\u00fan el informe del veterinario policial, la carne no era apta para el consumo humano, representando un riesgo directo para la salud p\u00fablica.<\/p>\n<p>El procedimiento, ejecutado por personal a cargo del oficial ayudante Mart\u00edn Cardozo, consisti\u00f3 en la inspecci\u00f3n y monitoreo de productos c\u00e1rnicos para verificar el cumplimiento de las normativas de comercializaci\u00f3n vigentes.<\/p>\n<p>El secretario de la fiscal\u00eda rural, Dr. Manuel Pezzelato, orden\u00f3 el inicio de una causa penal por infracci\u00f3n al Art\u00edculo 206 del C\u00f3digo Penal Argentino.<\/p>\n","protected":false},"excerpt":{"rendered":"<p>En el marco del Plan Integral de Prevenci\u00f3n del Abigeato, la Unidad Especial de Seguridad Rural y Ecol\u00f3gica de Lavalle \u2013 PRIAR &#8211; intensific\u00f3 los controles en carnicer\u00edas de la localidad de Santa Luc\u00eda. Durante un relevamiento de rutina, se detectaron graves irregularidades sanitarias que pusieron en alerta a las autoridades locales. El procedimiento se [&hellip;]<\/p>\n","protected":false},"author":2,"featured_media":5183,"comment_status":"open","ping_status":"open","sticky":false,"template":"","format":"standard","meta":{"footnotes":""},"categories":[68],"tags":[],"class_list":{"0":"post-5182","1":"post","2":"type-post","3":"status-publish","4":"format-standard","5":"has-post-thumbnail","7":"category-policiales-nacionales"},"_links":{"self":[{"href":"https:\/\/elpueblonoticia.com.ar\/web\/wp-json\/wp\/v2\/posts\/5182","targetHints":{"allow":["GET"]}}],"collection":[{"href":"https:\/\/elpueblonoticia.com.ar\/web\/wp-json\/wp\/v2\/posts"}],"about":[{"href":"https:\/\/elpueblonoticia.com.ar\/web\/wp-json\/wp\/v2\/types\/post"}],"author":[{"embeddable":true,"href":"https:\/\/elpueblonoticia.com.ar\/web\/wp-json\/wp\/v2\/users\/2"}],"replies":[{"embeddable":true,"href":"https:\/\/elpueblonoticia.com.ar\/web\/wp-json\/wp\/v2\/comments?post=5182"}],"version-history":[{"count":1,"href":"https:\/\/elpueblonoticia.com.ar\/web\/wp-json\/wp\/v2\/posts\/5182\/revisions"}],"predecessor-version":[{"id":5184,"href":"https:\/\/elpueblonoticia.com.ar\/web\/wp-json\/wp\/v2\/posts\/5182\/revisions\/5184"}],"wp:featuredmedia":[{"embeddable":true,"href":"https:\/\/elpueblonoticia.com.ar\/web\/wp-json\/wp\/v2\/media\/5183"}],"wp:attachment":[{"href":"https:\/\/elpueblonoticia.com.ar\/web\/wp-json\/wp\/v2\/media?parent=5182"}],"wp:term":[{"taxonomy":"category","embeddable":true,"href":"https:\/\/elpueblonoticia.com.ar\/web\/wp-json\/wp\/v2\/categories?post=5182"},{"taxonomy":"post_tag","embeddable":true,"href":"https:\/\/elpueblonoticia.com.ar\/web\/wp-json\/wp\/v2\/tags?post=5182"}],"curies":[{"name":"wp","href":"https:\/\/api.w.org\/{rel}","templated":true}]}}