{"id":5176,"date":"2026-01-06T13:57:18","date_gmt":"2026-01-06T16:57:18","guid":{"rendered":"https:\/\/elpueblonoticia.com.ar\/web\/?p=5176"},"modified":"2026-01-06T13:57:18","modified_gmt":"2026-01-06T16:57:18","slug":"preso-por-golpear-y-robar-a-un-sacerdote-en-localidad-del-interior-de-corrientes","status":"publish","type":"post","link":"https:\/\/elpueblonoticia.com.ar\/web\/2026\/01\/06\/preso-por-golpear-y-robar-a-un-sacerdote-en-localidad-del-interior-de-corrientes\/","title":{"rendered":"Preso por golpear y robar a un sacerdote en localidad del interior de corrientes"},"content":{"rendered":"<p>En la localidad de Ca\u00e1 Cat\u00ed, un joven ingres\u00f3 a la vivienda del religioso y, luego de un forcejeo y lastimar al Padre Jos\u00e9 Vidal, se llev\u00f3 el tel\u00e9fono celular y unos 30 mil pesos aproximadamente. El malviviente habr\u00eda saltado el muro del predio de la iglesia para luego entrar por una puerta trasera. Presumiblemente lo hizo bajo efectos de alguna sustancia.<\/p>\n<p>El joven habr\u00eda sido identificado por el sacerdote que durante la ma\u00f1ana radic\u00f3 la denuncia en sede policial, tomando intervenci\u00f3n la fiscal\u00eda de turno.<\/p>\n<p>M\u00e1s tarde, la Polic\u00eda a cargo del Comisario Burgos, detuvo al joven domiciliado en el Barrio San Cayetano y recuper\u00f3 lo sustra\u00eddo al sacerdote.<\/p>\n<p>El Padre Vidal es un sacerdote y vicario del P\u00e1rroco, residiendo en la casa que est\u00e1 junto a la Iglesia Parroquial de Ca\u00e1 Cat\u00ed, y en el momento de ser asaltado se encontraba s\u00f3lo.<\/p>\n","protected":false},"excerpt":{"rendered":"<p>En la localidad de Ca\u00e1 Cat\u00ed, un joven ingres\u00f3 a la vivienda del religioso y, luego de un forcejeo y lastimar al Padre Jos\u00e9 Vidal, se llev\u00f3 el tel\u00e9fono celular y unos 30 mil pesos aproximadamente. El malviviente habr\u00eda saltado el muro del predio de la iglesia para luego entrar por una puerta trasera. Presumiblemente [&hellip;]<\/p>\n","protected":false},"author":2,"featured_media":5177,"comment_status":"open","ping_status":"open","sticky":false,"template":"","format":"standard","meta":{"footnotes":""},"categories":[68],"tags":[],"class_list":{"0":"post-5176","1":"post","2":"type-post","3":"status-publish","4":"format-standard","5":"has-post-thumbnail","7":"category-policiales-nacionales"},"_links":{"self":[{"href":"https:\/\/elpueblonoticia.com.ar\/web\/wp-json\/wp\/v2\/posts\/5176","targetHints":{"allow":["GET"]}}],"collection":[{"href":"https:\/\/elpueblonoticia.com.ar\/web\/wp-json\/wp\/v2\/posts"}],"about":[{"href":"https:\/\/elpueblonoticia.com.ar\/web\/wp-json\/wp\/v2\/types\/post"}],"author":[{"embeddable":true,"href":"https:\/\/elpueblonoticia.com.ar\/web\/wp-json\/wp\/v2\/users\/2"}],"replies":[{"embeddable":true,"href":"https:\/\/elpueblonoticia.com.ar\/web\/wp-json\/wp\/v2\/comments?post=5176"}],"version-history":[{"count":1,"href":"https:\/\/elpueblonoticia.com.ar\/web\/wp-json\/wp\/v2\/posts\/5176\/revisions"}],"predecessor-version":[{"id":5178,"href":"https:\/\/elpueblonoticia.com.ar\/web\/wp-json\/wp\/v2\/posts\/5176\/revisions\/5178"}],"wp:featuredmedia":[{"embeddable":true,"href":"https:\/\/elpueblonoticia.com.ar\/web\/wp-json\/wp\/v2\/media\/5177"}],"wp:attachment":[{"href":"https:\/\/elpueblonoticia.com.ar\/web\/wp-json\/wp\/v2\/media?parent=5176"}],"wp:term":[{"taxonomy":"category","embeddable":true,"href":"https:\/\/elpueblonoticia.com.ar\/web\/wp-json\/wp\/v2\/categories?post=5176"},{"taxonomy":"post_tag","embeddable":true,"href":"https:\/\/elpueblonoticia.com.ar\/web\/wp-json\/wp\/v2\/tags?post=5176"}],"curies":[{"name":"wp","href":"https:\/\/api.w.org\/{rel}","templated":true}]}}