{"id":5172,"date":"2026-01-06T13:54:57","date_gmt":"2026-01-06T16:54:57","guid":{"rendered":"https:\/\/elpueblonoticia.com.ar\/web\/?p=5172"},"modified":"2026-01-06T13:54:57","modified_gmt":"2026-01-06T16:54:57","slug":"mas-de-128-000-argentinos-cruzaron-a-uruguay-y-se-erigen-como-el-motor-de-la-temporada","status":"publish","type":"post","link":"https:\/\/elpueblonoticia.com.ar\/web\/2026\/01\/06\/mas-de-128-000-argentinos-cruzaron-a-uruguay-y-se-erigen-como-el-motor-de-la-temporada\/","title":{"rendered":"M\u00e1s de 128.000 argentinos cruzaron a Uruguay y se erigen como el motor de la temporada"},"content":{"rendered":"<p>M\u00e1s de 128.000\u00a0argentinos\u00a0cruzaron hacia\u00a0Uruguay\u00a0en los \u00faltimos 18 d\u00edas y se consolidan como el motor de la\u00a0temporada, representando a casi la mitad de los ingresos al pa\u00eds, de acuerdo a los \u00faltimos datos de la\u00a0Direcci\u00f3n Nacional de Migraci\u00f3n.<\/p>\n<p>Tras el \u00faltimo informe de la cartera dependiente del\u00a0Ministerio del Interior\u00a0(MI), un relevamiento de \u00c1mbito exhibi\u00f3 que desde el pasado viernes 19 de diciembre ingresaron al pa\u00eds un total de 260.293 turistas, de los cuales 128.117 son argentinos, lo que equivale a un 49,22%.<\/p>\n<article class=\"article-body article-body--third-paragraph content-protected-false\">\n<h2>Un flujo sostenido desde Argentina, con el foco en Punta del Este<\/h2>\n<p>Concretamente, entre el pasado mi\u00e9rcoles y el s\u00e1bado llegaron 45.545, que se sumaron al pico previo a\u00a0A\u00f1o Nuevo, con 56.807 visitantes oriundos de\u00a0Argentina\u00a0que arribaron entre el viernes 26 y el domingo 28. En el inicio de la temporada (del 19 al 21 del mes pasado), los primeros en cruzar el charco hab\u00edan sido 25.765, lo que habla de un flujo sostenido para aprovechar los diferentes destinos tur\u00edsticos del pa\u00eds, aunque con\u00a0alta concentraci\u00f3n en\u00a0Punta del Este.<\/p>\n<\/article>\n<article class=\"article-body article-body--fourth-paragraph content-protected-false\">Los datos de Migraci\u00f3n confirman as\u00ed un fen\u00f3meno que ya se ven\u00eda visualizando con largas filas en los\u00a0pasos fronterizos,\u00a0r\u00e9cord de vuelos privados\u00a0y una ocupaci\u00f3n hotelera pr\u00e1cticamente en plenitud en el este del pa\u00eds.<\/p>\n<\/article>\n<article class=\"article-body article-body--fifth-paragraph content-protected-false\">En cuanto a visitantes por destino, quedaron m\u00e1s atr\u00e1s el retorno de 71.686\u00a0uruguayos\u00a0y completando el podio aparecen los 27.433\u00a0brasile\u00f1os\u00a0que decidieron llegar a Uruguay, en una buena noticia para el sector, que advierte que, en promedio, se trata de un turista\u00a0con mayor nivel de gasto. Bastante m\u00e1s atr\u00e1s quedaron los 6.069\u00a0estadounidenses\u00a0y los 4.767\u00a0paraguayos.<\/p>\n<\/article>\n<article class=\"article-body article-body--remaining-paragraph content-protected-false\">\n<h2>Cu\u00e1les son las principales puertas de entrada a Uruguay<\/h2>\n<p>Teniendo en cuenta\u00a0la gran afluencia de argentinos, no sorprende que los puntos de controles donde se registr\u00f3 la mayor parte de los ingresos fueran los pasos fronterizos, adem\u00e1s del\u00a0puerto de Colonia, que fue el principal punto de acceso en los \u00faltimos d\u00edas, con 54.619 ingresos.<\/p>\n<p>Por detr\u00e1s quedaron el\u00a0Puente Internacional General Artigas\u00a0que une\u00a0Paysand\u00fa\u00a0con\u00a0Col\u00f3n, con 52.966 llegadas, con mayor preponderancia en la previa a Navidad; y el\u00a0Puente Internacional General San Mart\u00edn, que conecta\u00a0Fray Bentos\u00a0con\u00a0Gualeguaych\u00fa, que permiti\u00f3 cruzar a 51.269, con su m\u00e1ximo en la previa de A\u00f1o Nuevo.<\/p>\n<p>En relevancia de arribos siguieron el\u00a0Aeropuerto Internacional de Carrasco, con 29.726 visitantes; el\u00a0Puente Internacional Salto Grande, que une\u00a0Salto\u00a0con\u00a0Concordia, con 22.277 turistas; y el\u00a0Puerto de Montevideo, que recibi\u00f3 a 15.248 personas en los \u00faltimos 18 d\u00edas, seg\u00fan los datos del MI.<\/p>\n<\/article>\n","protected":false},"excerpt":{"rendered":"<p>M\u00e1s de 128.000\u00a0argentinos\u00a0cruzaron hacia\u00a0Uruguay\u00a0en los \u00faltimos 18 d\u00edas y se consolidan como el motor de la\u00a0temporada, representando a casi la mitad de los ingresos al pa\u00eds, de acuerdo a los \u00faltimos datos de la\u00a0Direcci\u00f3n Nacional de Migraci\u00f3n. Tras el \u00faltimo informe de la cartera dependiente del\u00a0Ministerio del Interior\u00a0(MI), un relevamiento de \u00c1mbito exhibi\u00f3 que desde [&hellip;]<\/p>\n","protected":false},"author":2,"featured_media":5174,"comment_status":"open","ping_status":"open","sticky":false,"template":"","format":"standard","meta":{"footnotes":""},"categories":[64],"tags":[],"class_list":{"0":"post-5172","1":"post","2":"type-post","3":"status-publish","4":"format-standard","5":"has-post-thumbnail","7":"category-nacionales"},"_links":{"self":[{"href":"https:\/\/elpueblonoticia.com.ar\/web\/wp-json\/wp\/v2\/posts\/5172","targetHints":{"allow":["GET"]}}],"collection":[{"href":"https:\/\/elpueblonoticia.com.ar\/web\/wp-json\/wp\/v2\/posts"}],"about":[{"href":"https:\/\/elpueblonoticia.com.ar\/web\/wp-json\/wp\/v2\/types\/post"}],"author":[{"embeddable":true,"href":"https:\/\/elpueblonoticia.com.ar\/web\/wp-json\/wp\/v2\/users\/2"}],"replies":[{"embeddable":true,"href":"https:\/\/elpueblonoticia.com.ar\/web\/wp-json\/wp\/v2\/comments?post=5172"}],"version-history":[{"count":1,"href":"https:\/\/elpueblonoticia.com.ar\/web\/wp-json\/wp\/v2\/posts\/5172\/revisions"}],"predecessor-version":[{"id":5175,"href":"https:\/\/elpueblonoticia.com.ar\/web\/wp-json\/wp\/v2\/posts\/5172\/revisions\/5175"}],"wp:featuredmedia":[{"embeddable":true,"href":"https:\/\/elpueblonoticia.com.ar\/web\/wp-json\/wp\/v2\/media\/5174"}],"wp:attachment":[{"href":"https:\/\/elpueblonoticia.com.ar\/web\/wp-json\/wp\/v2\/media?parent=5172"}],"wp:term":[{"taxonomy":"category","embeddable":true,"href":"https:\/\/elpueblonoticia.com.ar\/web\/wp-json\/wp\/v2\/categories?post=5172"},{"taxonomy":"post_tag","embeddable":true,"href":"https:\/\/elpueblonoticia.com.ar\/web\/wp-json\/wp\/v2\/tags?post=5172"}],"curies":[{"name":"wp","href":"https:\/\/api.w.org\/{rel}","templated":true}]}}