{"id":5169,"date":"2026-01-06T13:51:02","date_gmt":"2026-01-06T16:51:02","guid":{"rendered":"https:\/\/elpueblonoticia.com.ar\/web\/?p=5169"},"modified":"2026-01-06T13:51:02","modified_gmt":"2026-01-06T16:51:02","slug":"el-primer-ministro-de-groenlandia-pidio-no-entrar-en-panico-tras-las-amenazas-de-trump-de-anexar-el-territorio","status":"publish","type":"post","link":"https:\/\/elpueblonoticia.com.ar\/web\/2026\/01\/06\/el-primer-ministro-de-groenlandia-pidio-no-entrar-en-panico-tras-las-amenazas-de-trump-de-anexar-el-territorio\/","title":{"rendered":"El primer ministro de Groenlandia pidi\u00f3 no entrar en p\u00e1nico tras las amenazas de Trump de anexar el territorio"},"content":{"rendered":"<p>El primer ministro de Groenlandia llam\u00f3 este lunes a no ceder al \u201cp\u00e1nico\u201d despu\u00e9s de que\u00a0Donald Trump\u00a0reafirm\u00f3 su intenci\u00f3n de poner al territorio aut\u00f3nomo dan\u00e9s bajo bandera estadounidense. Adem\u00e1s, expres\u00f3 su deseo de restablecer una \u201cbuena cooperaci\u00f3n\u201d con Estados Unidos.<\/p>\n<p>\u201cLa situaci\u00f3n no es tal que Estados Unidos pueda conquistar Groenlandia. No es el caso. Por lo tanto,\u00a0no debemos entrar en p\u00e1nico<strong>.\u00a0<\/strong>Debemos intentar restablecer el contacto\u201d, declar\u00f3\u00a0Jens-Frederik Nielsen\u00a0durante una conferencia de prensa en Nuuk, la capital de Groenlandia.<\/p>\n<p class=\"paragraph font__body-regular\">Sin embargo, subray\u00f3 que desde ahora su gobierno \u201cendurecer\u00e1 el tono, porque no estamos satisfechos con la situaci\u00f3n en la que nos encontramos. Ya basta de que la comunicaci\u00f3n se haga a trav\u00e9s de los medios y por v\u00edas indirectas\u201d, afirm\u00f3.<\/p>\n<h2 class=\"font--primary font__display\"><strong>El caso Venezuela reaviva el temor en Groenlandia<\/strong><\/h2>\n<p class=\"paragraph font__body-regular\">La intervenci\u00f3n militar estadounidense en Venezuela reaviv\u00f3 los temores respecto a Groenlandia, un territorio que dispone de una ubicaci\u00f3n estrat\u00e9gica y unos importantes recursos minerales todav\u00eda sin explotar. Sin embargo, Nielsen recalc\u00f3 que \u201cla situaci\u00f3n es muy diferente\u201d.<\/p>\n<p class=\"paragraph font__body-regular\">\u201cNuestro pa\u00eds no es comparable con Venezuela. Somos un pa\u00eds democr\u00e1tico. Lo hemos sido desde hace much\u00edsimos a\u00f1os\u201d, indic\u00f3.<\/p>\n<p class=\"paragraph font__body-regular\">Trump insisti\u00f3 el domingo en su deseo de anexar Groenlandia, pese a los llamados de las autoridades de la isla y de Copenhague para que Washington respete su integridad territorial.<\/p>\n<p class=\"paragraph font__body-regular\">\u201cNecesitamos a Groenlandia para garantizar la seguridad nacional y Dinamarca no est\u00e1 en capacidad de hacerlo\u201d, declar\u00f3 Trump a los periodistas a bordo del Air Force One cuando le preguntaron sobre el tema. \u201cNos preocuparemos de Groenlandia en unos dos meses\u201d, agreg\u00f3.<\/p>\n<h2 class=\"font--primary font__display\"><strong>Fuerte advertencia de Dinamarca<\/strong><\/h2>\n<p class=\"paragraph font__body-regular\">La reacci\u00f3n de Dinamarca fue inmediata.<\/p>\n<p class=\"paragraph font__body-regular\">\u201cSi Estados Unidos eligiera atacar militarmente a otro pa\u00eds de la OTAN, entonces todo se parar\u00eda. Incluida nuestra OTAN y la seguridad que se puso en marcha desde el final de la Segunda Guerra Mundial\u201d, declar\u00f3 la primera ministra danesa,\u00a0Mette Frederiksen, en la cadena\u00a0<i>TV2<\/i>.<\/p>\n<p class=\"paragraph font__body-regular\">La jefa del gobierno, que considera la situaci\u00f3n \u201cseria\u201d, asegur\u00f3 que est\u00e1 haciendo \u201ctodo lo posible\u201d para que eso no ocurra. Para la diputada\u00a0Aaja Chemnitz, que representa a Groenlandia en el Parlamento dan\u00e9s, hay que \u201cestar preparados para todos los escenarios\u201d.<\/p>\n<p class=\"paragraph font__body-regular\">El mes pasado, el presidente estadounidense se hab\u00eda quejado de que hab\u00eda barcos rusos y chinos \u201cpor todas partes\u201d frente a las costas de la isla \u00e1rtica, de 57.000 habitantes. \u201c\u00c9l difunde mentiras sobre la presencia de estos barcos. Es muy preocupante\u201d, subray\u00f3 Chmenitz.<\/p>\n<p class=\"paragraph font__body-regular\">El lunes, el Ministerio de Relaciones Exteriores chino inst\u00f3 a Estados Unidos a \u201cdejar de usar la llamada amenaza china como excusa para buscar beneficios personales\u201d.<\/p>\n<p class=\"paragraph font__body-regular\">El domingo por la noche, Frederiksen ya hab\u00eda alzado el tono ante las declaraciones de Trump, al pedir que Washington dejara de amenazar a su \u201caliado hist\u00f3rico\u201d y a un territorio y un pueblo \u201cque han dejado claramente saber que no est\u00e1n a la venta\u201d.<\/p>\n<p class=\"paragraph font__body-regular\">Dinamarca es un aliado hist\u00f3rico y tradicional de Estados Unidos, al que le compra la mayor parte de su armamento. El reino, que incluye las islas Feroe y Groenlandia, forma parte de la OTAN desde su creaci\u00f3n.<\/p>\n<p class=\"paragraph font__body-regular\">Las tensiones entre ambos pa\u00edses repuntaron ya a finales de diciembre, cuando Trump anunci\u00f3 el nombramiento de un enviado especial para Groenlandia.<\/p>\n","protected":false},"excerpt":{"rendered":"<p>El primer ministro de Groenlandia llam\u00f3 este lunes a no ceder al \u201cp\u00e1nico\u201d despu\u00e9s de que\u00a0Donald Trump\u00a0reafirm\u00f3 su intenci\u00f3n de poner al territorio aut\u00f3nomo dan\u00e9s bajo bandera estadounidense. Adem\u00e1s, expres\u00f3 su deseo de restablecer una \u201cbuena cooperaci\u00f3n\u201d con Estados Unidos. \u201cLa situaci\u00f3n no es tal que Estados Unidos pueda conquistar Groenlandia. No es el caso. [&hellip;]<\/p>\n","protected":false},"author":2,"featured_media":5170,"comment_status":"open","ping_status":"open","sticky":false,"template":"","format":"standard","meta":{"footnotes":""},"categories":[81],"tags":[],"class_list":{"0":"post-5169","1":"post","2":"type-post","3":"status-publish","4":"format-standard","5":"has-post-thumbnail","7":"category-internacionales"},"_links":{"self":[{"href":"https:\/\/elpueblonoticia.com.ar\/web\/wp-json\/wp\/v2\/posts\/5169","targetHints":{"allow":["GET"]}}],"collection":[{"href":"https:\/\/elpueblonoticia.com.ar\/web\/wp-json\/wp\/v2\/posts"}],"about":[{"href":"https:\/\/elpueblonoticia.com.ar\/web\/wp-json\/wp\/v2\/types\/post"}],"author":[{"embeddable":true,"href":"https:\/\/elpueblonoticia.com.ar\/web\/wp-json\/wp\/v2\/users\/2"}],"replies":[{"embeddable":true,"href":"https:\/\/elpueblonoticia.com.ar\/web\/wp-json\/wp\/v2\/comments?post=5169"}],"version-history":[{"count":1,"href":"https:\/\/elpueblonoticia.com.ar\/web\/wp-json\/wp\/v2\/posts\/5169\/revisions"}],"predecessor-version":[{"id":5171,"href":"https:\/\/elpueblonoticia.com.ar\/web\/wp-json\/wp\/v2\/posts\/5169\/revisions\/5171"}],"wp:featuredmedia":[{"embeddable":true,"href":"https:\/\/elpueblonoticia.com.ar\/web\/wp-json\/wp\/v2\/media\/5170"}],"wp:attachment":[{"href":"https:\/\/elpueblonoticia.com.ar\/web\/wp-json\/wp\/v2\/media?parent=5169"}],"wp:term":[{"taxonomy":"category","embeddable":true,"href":"https:\/\/elpueblonoticia.com.ar\/web\/wp-json\/wp\/v2\/categories?post=5169"},{"taxonomy":"post_tag","embeddable":true,"href":"https:\/\/elpueblonoticia.com.ar\/web\/wp-json\/wp\/v2\/tags?post=5169"}],"curies":[{"name":"wp","href":"https:\/\/api.w.org\/{rel}","templated":true}]}}