{"id":5159,"date":"2026-01-05T23:31:51","date_gmt":"2026-01-06T02:31:51","guid":{"rendered":"https:\/\/elpueblonoticia.com.ar\/web\/?p=5159"},"modified":"2026-01-05T23:31:51","modified_gmt":"2026-01-06T02:31:51","slug":"boca-confirmo-dos-amistosos-antes-de-arrancar-el-torneo-apertura","status":"publish","type":"post","link":"https:\/\/elpueblonoticia.com.ar\/web\/2026\/01\/05\/boca-confirmo-dos-amistosos-antes-de-arrancar-el-torneo-apertura\/","title":{"rendered":"Boca confirm\u00f3 dos amistosos antes de arrancar el Torneo Apertura"},"content":{"rendered":"<p>El equipo de Ubeda se medir\u00e1 primero con Millonarios de Colombia en La Bombonera y luego con Nacional de Uruguay en San Nicol\u00e1s de los Arroyos.<\/p>\n<p>A tres d\u00edas de haber iniciado la pretemporada en el predio de Ezeiza, Boca dej\u00f3 cerrados dos amistosos previos al comienzo del Torneo Apertura 2026.<\/p>\n<p>El equipo de Claudio Ubeda se medir\u00e1 primero ante Millonarios de Colombia, el mi\u00e9rcoles 14 de enero en La Bombonera, y luego enfrentar\u00e1 a Nacional de Uruguay, el domingo 18 en el Estadio San Nicol\u00e1s de los Arroyos.<\/p>\n<p>El cruce ante el conjunto colombiano tendr\u00e1 un condimento especial, ya que el 50% de las populares estar\u00e1 destinado a socios adherentes, una medida celebrada por gran parte de los hinchas.<\/p>\n<p>El encuentro ante Nacional, en tanto, reeditar\u00e1 el \u00faltimo cruce oficial entre ambos en los octavos de final de la Copa Libertadores 2023, serie que Boca gan\u00f3 por penales tras un empate global.<\/p>\n<p>Mientras el plantel suma minutos de trabajo, el foco principal sigue puesto en el mercado de pases. La negociaci\u00f3n por Marino Hinestroza con Atl\u00e9tico Nacional atraviesa un momento complejo.<\/p>\n<p>El extremo presion\u00f3 fuerte para salir, no se present\u00f3 al inicio de la pretemporada en su club y dej\u00f3 varios mensajes sugestivos en redes sociales, marcando su deseo de jugar en Boca. Desde la Ribera conf\u00edan en destrabar la operaci\u00f3n, que rondar\u00eda los 5 millones de d\u00f3lares.<\/p>\n<p>Otro nombre que volvi\u00f3 a tomar fuerza es el de Alexis Cuello, actualmente en San Lorenzo. El Cicl\u00f3n pretende cerca de 3 millones de d\u00f3lares netos por el delantero y, aunque todav\u00eda no hubo acuerdo, las conversaciones se reactivaron en los \u00faltimos d\u00edas. En paralelo, Boca tambi\u00e9n mantiene charlas por Gast\u00f3n Hern\u00e1ndez, marcador central y capit\u00e1n azulgrana, una negociaci\u00f3n que ya tuvo otros intentos en mercados anteriores.<\/p>\n<p>En cuanto a las renovaciones, la dirigencia avanz\u00f3 con acuerdos importantes para darle continuidad a la base del plantel. Javier Garc\u00eda y Ander Herrera extendieron sus contratos por un a\u00f1o m\u00e1s, mientras que Lautaro Blanco firm\u00f3 una renovaci\u00f3n de largo plazo hasta diciembre de 2029.<\/p>\n","protected":false},"excerpt":{"rendered":"<p>El equipo de Ubeda se medir\u00e1 primero con Millonarios de Colombia en La Bombonera y luego con Nacional de Uruguay en San Nicol\u00e1s de los Arroyos. A tres d\u00edas de haber iniciado la pretemporada en el predio de Ezeiza, Boca dej\u00f3 cerrados dos amistosos previos al comienzo del Torneo Apertura 2026. El equipo de Claudio [&hellip;]<\/p>\n","protected":false},"author":2,"featured_media":5160,"comment_status":"open","ping_status":"open","sticky":false,"template":"","format":"standard","meta":{"footnotes":""},"categories":[76],"tags":[],"class_list":{"0":"post-5159","1":"post","2":"type-post","3":"status-publish","4":"format-standard","5":"has-post-thumbnail","7":"category-deportes"},"_links":{"self":[{"href":"https:\/\/elpueblonoticia.com.ar\/web\/wp-json\/wp\/v2\/posts\/5159","targetHints":{"allow":["GET"]}}],"collection":[{"href":"https:\/\/elpueblonoticia.com.ar\/web\/wp-json\/wp\/v2\/posts"}],"about":[{"href":"https:\/\/elpueblonoticia.com.ar\/web\/wp-json\/wp\/v2\/types\/post"}],"author":[{"embeddable":true,"href":"https:\/\/elpueblonoticia.com.ar\/web\/wp-json\/wp\/v2\/users\/2"}],"replies":[{"embeddable":true,"href":"https:\/\/elpueblonoticia.com.ar\/web\/wp-json\/wp\/v2\/comments?post=5159"}],"version-history":[{"count":1,"href":"https:\/\/elpueblonoticia.com.ar\/web\/wp-json\/wp\/v2\/posts\/5159\/revisions"}],"predecessor-version":[{"id":5161,"href":"https:\/\/elpueblonoticia.com.ar\/web\/wp-json\/wp\/v2\/posts\/5159\/revisions\/5161"}],"wp:featuredmedia":[{"embeddable":true,"href":"https:\/\/elpueblonoticia.com.ar\/web\/wp-json\/wp\/v2\/media\/5160"}],"wp:attachment":[{"href":"https:\/\/elpueblonoticia.com.ar\/web\/wp-json\/wp\/v2\/media?parent=5159"}],"wp:term":[{"taxonomy":"category","embeddable":true,"href":"https:\/\/elpueblonoticia.com.ar\/web\/wp-json\/wp\/v2\/categories?post=5159"},{"taxonomy":"post_tag","embeddable":true,"href":"https:\/\/elpueblonoticia.com.ar\/web\/wp-json\/wp\/v2\/tags?post=5159"}],"curies":[{"name":"wp","href":"https:\/\/api.w.org\/{rel}","templated":true}]}}