{"id":5152,"date":"2026-01-05T23:27:15","date_gmt":"2026-01-06T02:27:15","guid":{"rendered":"https:\/\/elpueblonoticia.com.ar\/web\/?p=5152"},"modified":"2026-01-05T23:27:15","modified_gmt":"2026-01-06T02:27:15","slug":"soy-un-prisionero-de-guerra-la-declaracion-completa-de-nicolas-maduro-ante-el-tribunal-de-nueva-york","status":"publish","type":"post","link":"https:\/\/elpueblonoticia.com.ar\/web\/2026\/01\/05\/soy-un-prisionero-de-guerra-la-declaracion-completa-de-nicolas-maduro-ante-el-tribunal-de-nueva-york\/","title":{"rendered":"\u201cSoy un prisionero de guerra\u201d: La declaraci\u00f3n completa de Nicol\u00e1s Maduro ante el tribunal de Nueva York"},"content":{"rendered":"<p>El l\u00edder chavista se declar\u00f3 inocente y asegur\u00f3 que todav\u00eda es el presidente de Venezuela. La Justicia lo volvi\u00f3 a citar para el 17 de marzo y continuar\u00e1 detenido en Brooklyn.<\/p>\n<p class=\"paragraph font__body-regular\">En su primera audiencia ante la Justicia de Estados Unidos,\u00a0Nicol\u00e1s Maduro se declar\u00f3 inocente\u00a0de todos los cargos que se le imputan en la causa por narcoterrorismo y cuestion\u00f3 el car\u00e1cter del proceso judicial.<\/p>\n<div id=\"ad-slot-infeed\" class=\"infeed-container ad-slot-infeed ad-slot\" data-adtype=\"infeed\" data-lazyload=\"1\" data-google-query-id=\"CJX884fB9ZEDFX2wYQYdpAwq8Q\">\n<div id=\"google_ads_iframe_\/113951150\/tn-arc\/nota\/infeed_0__container__\"><\/div>\n<\/div>\n<p class=\"paragraph font__body-regular\">Frente al tribunal federal de Nueva York, el mandatario venezolano se present\u00f3 como un \u201cprisionero de guerra<strong>\u201d<\/strong> y afirm\u00f3: \u201cSoy inocente,\u00a0no soy culpable de nada de lo que se me acusa aqu\u00ed\u201d.<\/p>\n<p class=\"paragraph font__body-regular\">\u201cNo soy culpable, soy un hombre decente\u201d, insisti\u00f3 Maduro durante la lectura de cargos. Y agreg\u00f3: \u201cSoy el presidente de Venezuela y me considero prisionero de guerra. Me capturaron en mi casa de Caracas\u201d.<\/p>\n<p class=\"paragraph font__body-regular\">La audiencia estuvo a cargo del juez Alvin Hellerstein, de 92 a\u00f1os, ante quien el l\u00edder chavista respondi\u00f3 \u201cno culpable\u201d a los cuatro cargos federales que enfrenta, entre ellos conspiraci\u00f3n de narcoterrorismo, conspiraci\u00f3n para la importaci\u00f3n de coca\u00edna y delitos vinculados a la posesi\u00f3n de armas de guerra. \u201cTengo el escrito de la acusaci\u00f3n\u201d, interrumpi\u00f3 Maduro mientras el secretario le\u00eda las acusaciones.<\/p>\n<figure class=\"\" data-testid=\"figure-testid\"><figcaption class=\"caption_image\" data-testid=\"figcaption-testid\"><\/figcaption><\/figure>\n<p class=\"paragraph font__body-regular\">El tribunal dispuso una nueva audiencia para el 17 de marzo. Hasta esa fecha, el acusado\u00a0permanecer\u00e1 detenido en una c\u00e1rcel federal de Brooklyn. Su abogado defensor, Barry Pollack, inform\u00f3 que por el momento no solicitar\u00e1 la libertad bajo fianza, aunque no descart\u00f3 presentar ese pedido en una etapa posterior del proceso.<\/p>\n<p class=\"paragraph font__body-regular\">Las acusaciones, formuladas en 2020 por la Fiscal\u00eda del Distrito Sur de Nueva York, sostienen que\u00a0Maduro habr\u00eda encabezado una estructura dedicada al tr\u00e1fico internacional de drogas, conocida como el Cartel de los Soles, con presuntos v\u00ednculos con organizaciones criminales y armadas de la regi\u00f3n.<\/p>\n<p>El gobierno venezolano rechaza de manera sistem\u00e1tica esa hip\u00f3tesis y califica la causa como una \u201cmaniobra de persecuci\u00f3n pol\u00edtica\u201d.<\/p>\n<p>De ser condenado, el mandatario venezolano podr\u00eda enfrentar penas de varias d\u00e9cadas de prisi\u00f3n o incluso condenas a cadena perpetua, seg\u00fan la eventual acumulaci\u00f3n de las sentencias previstas para cada uno de los cargos.<\/p>\n","protected":false},"excerpt":{"rendered":"<p>El l\u00edder chavista se declar\u00f3 inocente y asegur\u00f3 que todav\u00eda es el presidente de Venezuela. La Justicia lo volvi\u00f3 a citar para el 17 de marzo y continuar\u00e1 detenido en Brooklyn. En su primera audiencia ante la Justicia de Estados Unidos,\u00a0Nicol\u00e1s Maduro se declar\u00f3 inocente\u00a0de todos los cargos que se le imputan en la causa [&hellip;]<\/p>\n","protected":false},"author":2,"featured_media":5154,"comment_status":"open","ping_status":"open","sticky":false,"template":"","format":"standard","meta":{"footnotes":""},"categories":[81],"tags":[],"class_list":{"0":"post-5152","1":"post","2":"type-post","3":"status-publish","4":"format-standard","5":"has-post-thumbnail","7":"category-internacionales"},"_links":{"self":[{"href":"https:\/\/elpueblonoticia.com.ar\/web\/wp-json\/wp\/v2\/posts\/5152","targetHints":{"allow":["GET"]}}],"collection":[{"href":"https:\/\/elpueblonoticia.com.ar\/web\/wp-json\/wp\/v2\/posts"}],"about":[{"href":"https:\/\/elpueblonoticia.com.ar\/web\/wp-json\/wp\/v2\/types\/post"}],"author":[{"embeddable":true,"href":"https:\/\/elpueblonoticia.com.ar\/web\/wp-json\/wp\/v2\/users\/2"}],"replies":[{"embeddable":true,"href":"https:\/\/elpueblonoticia.com.ar\/web\/wp-json\/wp\/v2\/comments?post=5152"}],"version-history":[{"count":2,"href":"https:\/\/elpueblonoticia.com.ar\/web\/wp-json\/wp\/v2\/posts\/5152\/revisions"}],"predecessor-version":[{"id":5155,"href":"https:\/\/elpueblonoticia.com.ar\/web\/wp-json\/wp\/v2\/posts\/5152\/revisions\/5155"}],"wp:featuredmedia":[{"embeddable":true,"href":"https:\/\/elpueblonoticia.com.ar\/web\/wp-json\/wp\/v2\/media\/5154"}],"wp:attachment":[{"href":"https:\/\/elpueblonoticia.com.ar\/web\/wp-json\/wp\/v2\/media?parent=5152"}],"wp:term":[{"taxonomy":"category","embeddable":true,"href":"https:\/\/elpueblonoticia.com.ar\/web\/wp-json\/wp\/v2\/categories?post=5152"},{"taxonomy":"post_tag","embeddable":true,"href":"https:\/\/elpueblonoticia.com.ar\/web\/wp-json\/wp\/v2\/tags?post=5152"}],"curies":[{"name":"wp","href":"https:\/\/api.w.org\/{rel}","templated":true}]}}