{"id":5145,"date":"2026-01-05T22:35:04","date_gmt":"2026-01-06T01:35:04","guid":{"rendered":"https:\/\/elpueblonoticia.com.ar\/web\/?p=5145"},"modified":"2026-01-05T22:35:04","modified_gmt":"2026-01-06T01:35:04","slug":"la-policia-localizo-el-vehiculo-que-se-dio-a-la-fuga-en-un-grave-accidente","status":"publish","type":"post","link":"https:\/\/elpueblonoticia.com.ar\/web\/2026\/01\/05\/la-policia-localizo-el-vehiculo-que-se-dio-a-la-fuga-en-un-grave-accidente\/","title":{"rendered":"La polic\u00eda localiz\u00f3 el veh\u00edculo que se dio a la fuga en un grave accidente"},"content":{"rendered":"<p>Tras un minucioso an\u00e1lisis de c\u00e1maras de seguridad y tareas investigativas, el personal de la comisar\u00eda de Santa Luc\u00eda logr\u00f3 secuestrar un autom\u00f3vil Peugeot 207 y demorar a su conductor, vinculados a un accidente que dej\u00f3 un joven con lesiones graves el pasado 1 de enero. El herido se debate entre la vida y la muerte en el Hospital Escuela de Corrientes.<\/p>\n<p>En un eficaz procedimiento realizado en la tarde del lunes, la Comisar\u00eda de Distrito Santa Luc\u00eda logr\u00f3 el esclarecimiento de un siniestro vial ocurrido en el inicio del presente a\u00f1o.<\/p>\n<p>Gracias a un arduo trabajo investigativo liderado por el oficial ayudante Fernando G\u00e1lvez, se obtuvo un avance crucial en la causa caratulada preventivamente como &#8220;De Oficio p\/ Sup. Lesiones Graves en Accidente de Tr\u00e1nsito&#8221;, donde result\u00f3 v\u00edctima el ciudadano Santiago Recalte.<\/p>\n<p>La investigaci\u00f3n se centr\u00f3 en el relevamiento de material f\u00edlmico en el Paraje La Loma (Lavalle). Tras analizar c\u00e1maras de seguridad de una finca de la zona, los efectivos identificaron un autom\u00f3vil Peugeot 207, color negro, que circulaba a gran velocidad en momentos coincidentes con el hecho.<\/p>\n<p>Con los datos obtenidos, el personal policial despleg\u00f3 un operativo que permiti\u00f3 localizar el veh\u00edculo \u2014dominio IGK214\u2014 y a su conductor, identificado como Luis Miguel Serrano (26), con domicilio en el mismo paraje donde se centraron las pesquisas.<\/p>\n<p>Cumpliendo con lo establecido en el art\u00edculo 164 del C\u00f3digo Procesal Penal de Corrientes, se procedi\u00f3 al secuestro preventivo del autom\u00f3vil.<\/p>\n<p>Tanto el rodado como el ciudadano involucrado han quedado a disposici\u00f3n de la Fiscal\u00eda en turno, destac\u00e1ndose la celeridad del personal de la dependencia para dar respuesta a este caso que afecta a la comunidad de Santa Luc\u00eda.<\/p>\n","protected":false},"excerpt":{"rendered":"<p>Tras un minucioso an\u00e1lisis de c\u00e1maras de seguridad y tareas investigativas, el personal de la comisar\u00eda de Santa Luc\u00eda logr\u00f3 secuestrar un autom\u00f3vil Peugeot 207 y demorar a su conductor, vinculados a un accidente que dej\u00f3 un joven con lesiones graves el pasado 1 de enero. El herido se debate entre la vida y la [&hellip;]<\/p>\n","protected":false},"author":2,"featured_media":5146,"comment_status":"open","ping_status":"open","sticky":false,"template":"","format":"standard","meta":{"footnotes":""},"categories":[68],"tags":[],"class_list":{"0":"post-5145","1":"post","2":"type-post","3":"status-publish","4":"format-standard","5":"has-post-thumbnail","7":"category-policiales-nacionales"},"_links":{"self":[{"href":"https:\/\/elpueblonoticia.com.ar\/web\/wp-json\/wp\/v2\/posts\/5145","targetHints":{"allow":["GET"]}}],"collection":[{"href":"https:\/\/elpueblonoticia.com.ar\/web\/wp-json\/wp\/v2\/posts"}],"about":[{"href":"https:\/\/elpueblonoticia.com.ar\/web\/wp-json\/wp\/v2\/types\/post"}],"author":[{"embeddable":true,"href":"https:\/\/elpueblonoticia.com.ar\/web\/wp-json\/wp\/v2\/users\/2"}],"replies":[{"embeddable":true,"href":"https:\/\/elpueblonoticia.com.ar\/web\/wp-json\/wp\/v2\/comments?post=5145"}],"version-history":[{"count":1,"href":"https:\/\/elpueblonoticia.com.ar\/web\/wp-json\/wp\/v2\/posts\/5145\/revisions"}],"predecessor-version":[{"id":5147,"href":"https:\/\/elpueblonoticia.com.ar\/web\/wp-json\/wp\/v2\/posts\/5145\/revisions\/5147"}],"wp:featuredmedia":[{"embeddable":true,"href":"https:\/\/elpueblonoticia.com.ar\/web\/wp-json\/wp\/v2\/media\/5146"}],"wp:attachment":[{"href":"https:\/\/elpueblonoticia.com.ar\/web\/wp-json\/wp\/v2\/media?parent=5145"}],"wp:term":[{"taxonomy":"category","embeddable":true,"href":"https:\/\/elpueblonoticia.com.ar\/web\/wp-json\/wp\/v2\/categories?post=5145"},{"taxonomy":"post_tag","embeddable":true,"href":"https:\/\/elpueblonoticia.com.ar\/web\/wp-json\/wp\/v2\/tags?post=5145"}],"curies":[{"name":"wp","href":"https:\/\/api.w.org\/{rel}","templated":true}]}}