{"id":5141,"date":"2026-01-05T22:33:35","date_gmt":"2026-01-06T01:33:35","guid":{"rendered":"https:\/\/elpueblonoticia.com.ar\/web\/?p=5141"},"modified":"2026-01-05T22:33:35","modified_gmt":"2026-01-06T01:33:35","slug":"escuela-de-verano-programa-artistico-para-el-verano","status":"publish","type":"post","link":"https:\/\/elpueblonoticia.com.ar\/web\/2026\/01\/05\/escuela-de-verano-programa-artistico-para-el-verano\/","title":{"rendered":"Escuela de Verano: Programa art\u00edstico para el verano."},"content":{"rendered":"<p>La Municipalidad de Goya desde la Secretar\u00eda de Gobierno, por medio de la Direcci\u00f3n de Cultura, suma propuestas para este verano brindando talleres de m\u00fasica, canto y danzas nativas.<\/p>\n<p>Desde la Escuela Municipal de M\u00fasica se habilitar\u00e1 el periodo de inscripci\u00f3n a partir del lunes 12 y hasta el viernes 16 de enero, en el horario de 14 a 18, en LA Casa de la Cultura, para los interesados en adquirir conocimiento en la ejecuci\u00f3n de los siguientes instrumentos musicales: teclado; acorde\u00f3n; percusi\u00f3n; viol\u00edn; guitarra y canto.<\/p>\n<p>Se informa que los cupos son limitados.<\/p>\n<p><strong>TALLER DE DANZAS NATIVAS EN LOS BARRIOS<\/strong><\/p>\n<p>Desde la Escuela Municipal de Danzas Nativas \u201cEl Trovador\u201d se anunci\u00f3 la apertura del periodo de inscripci\u00f3n a partir del lunes 12 de enero en las sedes barriales donde se dictar\u00e1n los respectivos talleres:<\/p>\n<p>Barrio Sarmiento: martes y jueves de 9 a 10,30 horas.<\/p>\n<p>Barrio Villa Vital: lunes y martes de 9 a 10,30 horas.<\/p>\n<p>Barrio Madre Teresa de Calcuta: martes y jueves de 19 a 20,30 horas.<\/p>\n<p>Vale mencionar que todas estas propuestas son de car\u00e1cter libre y gratuito.<\/p>\n","protected":false},"excerpt":{"rendered":"<p>La Municipalidad de Goya desde la Secretar\u00eda de Gobierno, por medio de la Direcci\u00f3n de Cultura, suma propuestas para este verano brindando talleres de m\u00fasica, canto y danzas nativas. Desde la Escuela Municipal de M\u00fasica se habilitar\u00e1 el periodo de inscripci\u00f3n a partir del lunes 12 y hasta el viernes 16 de enero, en el [&hellip;]<\/p>\n","protected":false},"author":2,"featured_media":5143,"comment_status":"open","ping_status":"open","sticky":false,"template":"","format":"standard","meta":{"footnotes":""},"categories":[56],"tags":[],"class_list":{"0":"post-5141","1":"post","2":"type-post","3":"status-publish","4":"format-standard","5":"has-post-thumbnail","7":"category-locales"},"_links":{"self":[{"href":"https:\/\/elpueblonoticia.com.ar\/web\/wp-json\/wp\/v2\/posts\/5141","targetHints":{"allow":["GET"]}}],"collection":[{"href":"https:\/\/elpueblonoticia.com.ar\/web\/wp-json\/wp\/v2\/posts"}],"about":[{"href":"https:\/\/elpueblonoticia.com.ar\/web\/wp-json\/wp\/v2\/types\/post"}],"author":[{"embeddable":true,"href":"https:\/\/elpueblonoticia.com.ar\/web\/wp-json\/wp\/v2\/users\/2"}],"replies":[{"embeddable":true,"href":"https:\/\/elpueblonoticia.com.ar\/web\/wp-json\/wp\/v2\/comments?post=5141"}],"version-history":[{"count":1,"href":"https:\/\/elpueblonoticia.com.ar\/web\/wp-json\/wp\/v2\/posts\/5141\/revisions"}],"predecessor-version":[{"id":5144,"href":"https:\/\/elpueblonoticia.com.ar\/web\/wp-json\/wp\/v2\/posts\/5141\/revisions\/5144"}],"wp:featuredmedia":[{"embeddable":true,"href":"https:\/\/elpueblonoticia.com.ar\/web\/wp-json\/wp\/v2\/media\/5143"}],"wp:attachment":[{"href":"https:\/\/elpueblonoticia.com.ar\/web\/wp-json\/wp\/v2\/media?parent=5141"}],"wp:term":[{"taxonomy":"category","embeddable":true,"href":"https:\/\/elpueblonoticia.com.ar\/web\/wp-json\/wp\/v2\/categories?post=5141"},{"taxonomy":"post_tag","embeddable":true,"href":"https:\/\/elpueblonoticia.com.ar\/web\/wp-json\/wp\/v2\/tags?post=5141"}],"curies":[{"name":"wp","href":"https:\/\/api.w.org\/{rel}","templated":true}]}}