{"id":5138,"date":"2026-01-05T22:30:54","date_gmt":"2026-01-06T01:30:54","guid":{"rendered":"https:\/\/elpueblonoticia.com.ar\/web\/?p=5138"},"modified":"2026-01-05T22:30:54","modified_gmt":"2026-01-06T01:30:54","slug":"policia-identifico-a-dos-arrebatadores-y-les-secuestro-la-moto","status":"publish","type":"post","link":"https:\/\/elpueblonoticia.com.ar\/web\/2026\/01\/05\/policia-identifico-a-dos-arrebatadores-y-les-secuestro-la-moto\/","title":{"rendered":"Polic\u00eda identific\u00f3 a dos arrebatadores y les secuestr\u00f3 la moto."},"content":{"rendered":"<p>La Comisar\u00eda Primera de Goya informa que, en relaci\u00f3n a un hecho de robo en modalidad de arrebato ocurrido el 2 de enero de 2026, alrededor de las 17:15 horas, en inmediaciones de calles Belgrano y Cabral, se llevaron adelante tareas investigativas que permitieron avanzar en el esclarecimiento del caso.<\/p>\n<p>Seg\u00fan lo denunciado oportunamente, la v\u00edctima circulaba en bicicleta cuando fue interceptada por dos personas a bordo de una motocicleta, quienes le sustrajeron una cartera tipo bandolera, con un tel\u00e9fono celular y dem\u00e1s enseres.<\/p>\n<p>En el marco de la investigaci\u00f3n, y dando cumplimiento a una orden de allanamiento, se irrumpi\u00f3 en un domicilio de la calle Blas Lucioni, donde el personal policial procedi\u00f3 a la recuperaci\u00f3n del tel\u00e9fono celular sustra\u00eddo y al secuestro de la motocicleta utilizada en el hecho.<\/p>\n<p>En tanto, la persona fue identificada conforme a la demanda judicial.<\/p>\n<p>Desde la Comisar\u00eda Primera de Goya se resalta el trabajo investigativo del personal policial, orientado al esclarecimiento de los hechos delictivos y la recuperaci\u00f3n de elementos sustra\u00eddos.<\/p>\n","protected":false},"excerpt":{"rendered":"<p>La Comisar\u00eda Primera de Goya informa que, en relaci\u00f3n a un hecho de robo en modalidad de arrebato ocurrido el 2 de enero de 2026, alrededor de las 17:15 horas, en inmediaciones de calles Belgrano y Cabral, se llevaron adelante tareas investigativas que permitieron avanzar en el esclarecimiento del caso. Seg\u00fan lo denunciado oportunamente, la [&hellip;]<\/p>\n","protected":false},"author":2,"featured_media":5139,"comment_status":"open","ping_status":"open","sticky":false,"template":"","format":"standard","meta":{"footnotes":""},"categories":[68],"tags":[],"class_list":{"0":"post-5138","1":"post","2":"type-post","3":"status-publish","4":"format-standard","5":"has-post-thumbnail","7":"category-policiales-nacionales"},"_links":{"self":[{"href":"https:\/\/elpueblonoticia.com.ar\/web\/wp-json\/wp\/v2\/posts\/5138","targetHints":{"allow":["GET"]}}],"collection":[{"href":"https:\/\/elpueblonoticia.com.ar\/web\/wp-json\/wp\/v2\/posts"}],"about":[{"href":"https:\/\/elpueblonoticia.com.ar\/web\/wp-json\/wp\/v2\/types\/post"}],"author":[{"embeddable":true,"href":"https:\/\/elpueblonoticia.com.ar\/web\/wp-json\/wp\/v2\/users\/2"}],"replies":[{"embeddable":true,"href":"https:\/\/elpueblonoticia.com.ar\/web\/wp-json\/wp\/v2\/comments?post=5138"}],"version-history":[{"count":1,"href":"https:\/\/elpueblonoticia.com.ar\/web\/wp-json\/wp\/v2\/posts\/5138\/revisions"}],"predecessor-version":[{"id":5140,"href":"https:\/\/elpueblonoticia.com.ar\/web\/wp-json\/wp\/v2\/posts\/5138\/revisions\/5140"}],"wp:featuredmedia":[{"embeddable":true,"href":"https:\/\/elpueblonoticia.com.ar\/web\/wp-json\/wp\/v2\/media\/5139"}],"wp:attachment":[{"href":"https:\/\/elpueblonoticia.com.ar\/web\/wp-json\/wp\/v2\/media?parent=5138"}],"wp:term":[{"taxonomy":"category","embeddable":true,"href":"https:\/\/elpueblonoticia.com.ar\/web\/wp-json\/wp\/v2\/categories?post=5138"},{"taxonomy":"post_tag","embeddable":true,"href":"https:\/\/elpueblonoticia.com.ar\/web\/wp-json\/wp\/v2\/tags?post=5138"}],"curies":[{"name":"wp","href":"https:\/\/api.w.org\/{rel}","templated":true}]}}