{"id":5097,"date":"2026-01-05T12:01:59","date_gmt":"2026-01-05T15:01:59","guid":{"rendered":"https:\/\/elpueblonoticia.com.ar\/web\/?p=5097"},"modified":"2026-01-05T12:01:59","modified_gmt":"2026-01-05T15:01:59","slug":"campeones-de-la-sandia-los-ganadores-de-la-fiesta-provincial-de-esquina","status":"publish","type":"post","link":"https:\/\/elpueblonoticia.com.ar\/web\/2026\/01\/05\/campeones-de-la-sandia-los-ganadores-de-la-fiesta-provincial-de-esquina\/","title":{"rendered":"Campeones de la sand\u00eda: Los ganadores de la fiesta provincial de Esquina"},"content":{"rendered":"<p>Este fin de semana la ciudad de Esquina celebr\u00f3 la 53\u00aa Fiesta Provincial de la Sand\u00eda y la Producci\u00f3n. La competencia cont\u00f3 con la participaci\u00f3n de 34 productores locales, quienes pusieron a prueba la calidad de sus cosechas en las categor\u00edas de sabor y peso.<\/p>\n<p>Bajo la atenta mirada de un jurado integrado por expertos como Antonio Aranda, Osvaldo Vega, Mauricio Papaleo, Ricardo Canteros y el intendente Cristian Olivetti, se evaluaron tres variedades principales: Crimson Sweet, Jubilee e H\u00edbrida.<\/p>\n<p>En la categor\u00eda de Sabor, los ganadores principales fueron para Sandra D\u00edaz (Crimson Sweet), Maximiliano Morales (Jubilee) y Ramona Sosa (H\u00edbrida). Por otro lado, la competencia de Peso dej\u00f3 boquiabiertos a los asistentes con ejemplares que rozaron los 42 kilogramos. El gran protagonista de esta edici\u00f3n fue Emilio Aranda, quien se alz\u00f3 con el primer puesto en las variedades Jubilee (40,4 kg) e H\u00edbrida, logrando con esta \u00faltima la marca m\u00e1xima de 41,8 kg. En la variedad Crimson Sweet, el primer lugar correspondi\u00f3 a Ram\u00f3n Aranda, con un ejemplar de 23 kg.<\/p>\n<p>La premiaci\u00f3n oficial se llevar\u00e1 a cabo este s\u00e1bado en el predio del evento, donde adem\u00e1s se vivir\u00e1 la emotiva elecci\u00f3n de la nueva soberana, quien recibir\u00e1 los atributos de manos de la reina saliente, Lara Ojeda.<\/p>\n","protected":false},"excerpt":{"rendered":"<p>Este fin de semana la ciudad de Esquina celebr\u00f3 la 53\u00aa Fiesta Provincial de la Sand\u00eda y la Producci\u00f3n. La competencia cont\u00f3 con la participaci\u00f3n de 34 productores locales, quienes pusieron a prueba la calidad de sus cosechas en las categor\u00edas de sabor y peso. Bajo la atenta mirada de un jurado integrado por expertos [&hellip;]<\/p>\n","protected":false},"author":2,"featured_media":5098,"comment_status":"open","ping_status":"open","sticky":false,"template":"","format":"standard","meta":{"footnotes":""},"categories":[72],"tags":[],"class_list":{"0":"post-5097","1":"post","2":"type-post","3":"status-publish","4":"format-standard","5":"has-post-thumbnail","7":"category-provinciales"},"_links":{"self":[{"href":"https:\/\/elpueblonoticia.com.ar\/web\/wp-json\/wp\/v2\/posts\/5097","targetHints":{"allow":["GET"]}}],"collection":[{"href":"https:\/\/elpueblonoticia.com.ar\/web\/wp-json\/wp\/v2\/posts"}],"about":[{"href":"https:\/\/elpueblonoticia.com.ar\/web\/wp-json\/wp\/v2\/types\/post"}],"author":[{"embeddable":true,"href":"https:\/\/elpueblonoticia.com.ar\/web\/wp-json\/wp\/v2\/users\/2"}],"replies":[{"embeddable":true,"href":"https:\/\/elpueblonoticia.com.ar\/web\/wp-json\/wp\/v2\/comments?post=5097"}],"version-history":[{"count":1,"href":"https:\/\/elpueblonoticia.com.ar\/web\/wp-json\/wp\/v2\/posts\/5097\/revisions"}],"predecessor-version":[{"id":5099,"href":"https:\/\/elpueblonoticia.com.ar\/web\/wp-json\/wp\/v2\/posts\/5097\/revisions\/5099"}],"wp:featuredmedia":[{"embeddable":true,"href":"https:\/\/elpueblonoticia.com.ar\/web\/wp-json\/wp\/v2\/media\/5098"}],"wp:attachment":[{"href":"https:\/\/elpueblonoticia.com.ar\/web\/wp-json\/wp\/v2\/media?parent=5097"}],"wp:term":[{"taxonomy":"category","embeddable":true,"href":"https:\/\/elpueblonoticia.com.ar\/web\/wp-json\/wp\/v2\/categories?post=5097"},{"taxonomy":"post_tag","embeddable":true,"href":"https:\/\/elpueblonoticia.com.ar\/web\/wp-json\/wp\/v2\/tags?post=5097"}],"curies":[{"name":"wp","href":"https:\/\/api.w.org\/{rel}","templated":true}]}}