{"id":5094,"date":"2026-01-05T11:59:25","date_gmt":"2026-01-05T14:59:25","guid":{"rendered":"https:\/\/elpueblonoticia.com.ar\/web\/?p=5094"},"modified":"2026-01-05T11:59:25","modified_gmt":"2026-01-05T14:59:25","slug":"gran-inicio-de-la-temporada-de-carnaval-en-gualeguaychu","status":"publish","type":"post","link":"https:\/\/elpueblonoticia.com.ar\/web\/2026\/01\/05\/gran-inicio-de-la-temporada-de-carnaval-en-gualeguaychu\/","title":{"rendered":"Gran inicio de la temporada de Carnaval en Gualeguaych\u00fa"},"content":{"rendered":"<p>Este 3 de enero comenz\u00f3 el Carnaval del Pa\u00eds, el mayor espect\u00e1culo a cielo abierto de argentina, con m\u00e1s de 15 mil personas viviendo y disfrutando en el Cors\u00f3dromo. Ante este clima de alegr\u00eda y euforia el evento fue declarado como Fiesta Nacional por la Secretar\u00eda de Turismo, Deporte y Ambiente de la Naci\u00f3n.<\/p>\n<p>El acto formal, con el tradicional corte de cinta, cont\u00f3 con la presencia del presidente de la Comisi\u00f3n, Ricardo Saller y otros miembros de la misma, el secretario de Turismo de la provincia, Jorge Satto; el director general de Turismo de Entre R\u00edos, Sebasti\u00e1n Bel; el intendente de la ciudad Mauricio Davico y la viceintendenta Julieta Carrazza, quienes se dirigieron a los presentes en compa\u00f1\u00eda de otros dirigentes municipales y provinciales.\u00a0\u00a0 Al momento de tomar la palabra, Saller agradeci\u00f3 a toda la Comisi\u00f3n, al equipo, autoridades presentes, a todos los que trabajan en todos los \u00e1mbitos del evento y destac\u00f3 la distinci\u00f3n como Fiesta Nacional otorgada por la Secretar\u00eda de Turismo, Deporte y Ambiente de la Naci\u00f3n.<\/p>\n<p>Momento emotivo se vivi\u00f3 a la hora del homenaje a Roberto Arakaki y a N\u00e9stor Lapalma con la presencia de familiares y allegados donde se destac\u00f3 la labor realizada por ambos en la historia del Carnaval del Pa\u00eds.<\/p>\n<p>Luego del tradicional corte de cinta que dej\u00f3 inaugurada la nueva edici\u00f3n, Silvio Solari, la voz de Carnaval del Pa\u00eds, anunci\u00f3 el \u00a0inicio del desfile por los 500 metros de la pasarela del Cors\u00f3dromo con Papelitos (Club Juventud Unida) rompiendo el hielo con su tema \u201cVivos\u201d, al culminar lleg\u00f3 el turno de Ar\u00e1 Yev\u00ed (Club Tiro Federal) con \u201cLa resistencia\u201d; en tercer lugar, sali\u00f3 a escena Mar\u00ed Mar\u00ed (Club Central Entrerriano) con \u201cGenios\u201d y para cerrar la primera noche, ingres\u00f3 al circuito O\u2019 Bah\u00eda (Club Pescadores), que propone \u201cEl pescador, el genio y las mil y unas noches\u201d.\u00a0 La jornada estuvo cargada de magia, color, alegr\u00eda y mucho ritmo que hizo despertar al gigante carnavalero para as\u00ed demostrar que el Carnaval del Pa\u00eds es el gran elegido de cada verano.<\/p>\n<p>Esta primera noche cont\u00f3 con la transmisi\u00f3n especial de la TV P\u00fablica con conducci\u00f3n a cargo de la reconocida cantante y presentadora Coki Ram\u00edrez adem\u00e1s de ser transmitido totalmente en vivo por el canal El Once de Paran\u00e1.<\/p>\n<p><strong>\u00bfC\u00f3mo participar del Carnaval?<\/strong><\/p>\n<p>Todos los s\u00e1bados de enero y febrero m\u00e1s el fin de semana largo de Carnaval (14, 15 y 16 de febrero). Las entradas y ubicaciones pueden adquirirse en forma presencial en la boleter\u00eda del Cors\u00f3dromo de martes a viernes de 9 a 13 y de 17 a 21 horas, los s\u00e1bados de 9 al cierre en horario corrido.\u00a0 Tambi\u00e9n pueden adquirirse tickets y ubicaciones en www.allaccess.com.ar<\/p>\n<p>Los residentes del departamento Gualeguaych\u00fa cuentan con el beneficio del 50% de descuento en el valor de la entrada general siempre y cuando sea adquirida en forma presencial presentado DNI que acredite el domicilio. Dicho beneficio no es v\u00e1lido para las noches del fin de semana largo de Carnaval.<\/p>\n<p><strong>Entradas CUD\u00a0<\/strong><\/p>\n<p>Las personas que posean el Certificado \u00danico de Discapacidad (CUD) podr\u00e1n retirar su entrada los d\u00edas jueves en la Boleter\u00eda del Cors\u00f3dromo de 9 a 13 y de 17 a 21 horas. Es necesario presentar el certificado. Vale aclarar que las personas con discapacidad motr\u00edz cuyo certificado acredite acompa\u00f1ante, ambos recibir\u00e1n la entrada sin cargo. En caso de no consignarlo, el acompa\u00f1ante abonar\u00e1 el 50% del valor de la entrada general. Si el CUD no acredita un acompa\u00f1ante, el mismo abonar\u00e1 el total de la entrada general. El retiro de los tickets se realiza en la semana previa a la noche elegida para asistir al Carnaval del Pa\u00eds.\u00a0 Las personas con CUD no residentes en Gualeguaych\u00fa, deber\u00e1n comunicarse a los n\u00fameros de Boleter\u00eda en la semana previa a la noche en la que deseen asistir.<\/p>\n<p>En cuanto al acceso al predio, las personas con discapacidad motr\u00edz deber\u00e1n hacerlo por el ingreso dispuesto sobre calle Maestra Piccini al este (altura calle Espa\u00f1a) donde tambi\u00e9n podr\u00e1n entrar en veh\u00edculo, aunque este no podr\u00e1 permanecer dentro del predio. Las personas que cuenten con el CUD y no presenten discapacidad motr\u00edz ingresar\u00e1n por las dem\u00e1s entradas donde contar\u00e1n con un acceso con prioridad y podr\u00e1n optar por una ubicaci\u00f3n en tribunas gratuitas o comprar el lugar que deseen.<\/p>\n<p>Los n\u00fameros de Boleter\u00eda son (03446) 225258 | (03446) 237776 | (03446) 644455. Vale destacar que se otorgar\u00e1n tickets hasta completar el cupo previsto.<\/p>\n","protected":false},"excerpt":{"rendered":"<p>Este 3 de enero comenz\u00f3 el Carnaval del Pa\u00eds, el mayor espect\u00e1culo a cielo abierto de argentina, con m\u00e1s de 15 mil personas viviendo y disfrutando en el Cors\u00f3dromo. Ante este clima de alegr\u00eda y euforia el evento fue declarado como Fiesta Nacional por la Secretar\u00eda de Turismo, Deporte y Ambiente de la Naci\u00f3n. El [&hellip;]<\/p>\n","protected":false},"author":2,"featured_media":5095,"comment_status":"open","ping_status":"open","sticky":false,"template":"","format":"standard","meta":{"footnotes":""},"categories":[64],"tags":[],"class_list":{"0":"post-5094","1":"post","2":"type-post","3":"status-publish","4":"format-standard","5":"has-post-thumbnail","7":"category-nacionales"},"_links":{"self":[{"href":"https:\/\/elpueblonoticia.com.ar\/web\/wp-json\/wp\/v2\/posts\/5094","targetHints":{"allow":["GET"]}}],"collection":[{"href":"https:\/\/elpueblonoticia.com.ar\/web\/wp-json\/wp\/v2\/posts"}],"about":[{"href":"https:\/\/elpueblonoticia.com.ar\/web\/wp-json\/wp\/v2\/types\/post"}],"author":[{"embeddable":true,"href":"https:\/\/elpueblonoticia.com.ar\/web\/wp-json\/wp\/v2\/users\/2"}],"replies":[{"embeddable":true,"href":"https:\/\/elpueblonoticia.com.ar\/web\/wp-json\/wp\/v2\/comments?post=5094"}],"version-history":[{"count":1,"href":"https:\/\/elpueblonoticia.com.ar\/web\/wp-json\/wp\/v2\/posts\/5094\/revisions"}],"predecessor-version":[{"id":5096,"href":"https:\/\/elpueblonoticia.com.ar\/web\/wp-json\/wp\/v2\/posts\/5094\/revisions\/5096"}],"wp:featuredmedia":[{"embeddable":true,"href":"https:\/\/elpueblonoticia.com.ar\/web\/wp-json\/wp\/v2\/media\/5095"}],"wp:attachment":[{"href":"https:\/\/elpueblonoticia.com.ar\/web\/wp-json\/wp\/v2\/media?parent=5094"}],"wp:term":[{"taxonomy":"category","embeddable":true,"href":"https:\/\/elpueblonoticia.com.ar\/web\/wp-json\/wp\/v2\/categories?post=5094"},{"taxonomy":"post_tag","embeddable":true,"href":"https:\/\/elpueblonoticia.com.ar\/web\/wp-json\/wp\/v2\/tags?post=5094"}],"curies":[{"name":"wp","href":"https:\/\/api.w.org\/{rel}","templated":true}]}}