{"id":5091,"date":"2026-01-05T11:56:35","date_gmt":"2026-01-05T14:56:35","guid":{"rendered":"https:\/\/elpueblonoticia.com.ar\/web\/?p=5091"},"modified":"2026-01-05T11:56:35","modified_gmt":"2026-01-05T14:56:35","slug":"river-plate-cerro-su-tercer-refuerzo-de-cara-a-la-proxima-copa-sudamericana-de-quien-se-trata","status":"publish","type":"post","link":"https:\/\/elpueblonoticia.com.ar\/web\/2026\/01\/05\/river-plate-cerro-su-tercer-refuerzo-de-cara-a-la-proxima-copa-sudamericana-de-quien-se-trata\/","title":{"rendered":"River Plate cerr\u00f3 su tercer refuerzo de cara a la pr\u00f3xima Copa Sudamericana: de qui\u00e9n se trata"},"content":{"rendered":"<p>El futbolista uruguayo oriundo de Canelones llega proveniente de Flamengo, donde viene de ganar la \u00faltima Copa Libertadores con el Meng\u00e3o. Ahora, buscar\u00e1 ganarse un lugar en el \u201cMillonario\u201d y el Mundial de 2026.<\/p>\n<p>Con el objetivo primordial de volver a los primeros planos, River Plate cerr\u00f3 este domingo el fichaje de Mat\u00edas Vi\u00f1a. El defensor uruguayo llegar\u00e1 a pr\u00e9stamo por un a\u00f1o y con una opci\u00f3n de compra obligatoria de la mitad de su ficha.<\/p>\n<p>El tres veces campe\u00f3n de la Copa Libertadores viajar\u00e1 esta tarde de R\u00edo de Janeiro a Buenos Aires para realizarse la revisi\u00f3n m\u00e9dica y, en horas del lunes, emprender vuelo hac\u00eda San Mart\u00edn de Los Andes, donde el \u201cMillonario\u201d hace la pretemporada.<\/p>\n<p>Sin lugar en Flamengo y opacado por Alex Sandro en el lateral izquierdo, Vi\u00f1a acept\u00f3 sumarse a River con la finalidad de lograr un buen semestre individual que le haga ganarse un lugar en la Selecci\u00f3n de Uruguay para el Mundial 2026.<\/p>\n<h2 class=\"article-body__heading-h2\"><strong>La carrera futbol\u00edstica de Mat\u00edas Vi\u00f1a, el refuerzo de River Plate<\/strong><\/h2>\n<p>Formado en Nacional de Montevideo, donde debut\u00f3 en 2017, el defensor disput\u00f3 47 partidos, marc\u00f3 5 goles y conquist\u00f3 6 t\u00edtulos nacionales en el \u201cBolso\u201d hasta enero de 2020, cuando fue vendido a Palmeiras (Brasil) por 8.3 millones de d\u00f3lares.<\/p>\n<p>En el club de la capital italiana conquist\u00f3 la UEFA Conference League 2021\/22 y jug\u00f3 44 partidos en dos a\u00f1os hasta salir cedido al Bournemouth (Inglaterra) y volver a Italia para vestir los colores del Sassuolo.<\/p>\n<p>Al retorno de su pr\u00e9stamo en Sassuolo en enero de 2024, el defensor oriundo de Canelones fue traspasado al Flamengo, donde jug\u00f3 32 partidos, marc\u00f3 un gol y conquist\u00f3 cuatro t\u00edtulos, entre ellos, la \u00faltima Copa Libertadores ganada al Palmeiras en Lima (Per\u00fa).<\/p>\n<h2 class=\"article-body__heading-h2\"><strong>Los amistosos de pretemporada que tendr\u00e1 River Plate<\/strong><\/h2>\n<p>&nbsp;<\/p>\n<h4 class=\"article-body__heading-h4\"><strong>Domingo 11 de enero<\/strong><\/h4>\n<p class=\"article-body__paragraph\">River Plate vs.\u00a0<strong>Millonarios<\/strong>\u00a0(Colombia)<\/p>\n<h4 class=\"article-body__heading-h4\"><strong>S\u00e1bado 17 de enero<\/strong><\/h4>\n<p class=\"article-body__paragraph\">River Plate vs.\u00a0<strong>Pe\u00f1arol<\/strong>\u00a0(Uruguay)<\/p>\n","protected":false},"excerpt":{"rendered":"<p>El futbolista uruguayo oriundo de Canelones llega proveniente de Flamengo, donde viene de ganar la \u00faltima Copa Libertadores con el Meng\u00e3o. Ahora, buscar\u00e1 ganarse un lugar en el \u201cMillonario\u201d y el Mundial de 2026. Con el objetivo primordial de volver a los primeros planos, River Plate cerr\u00f3 este domingo el fichaje de Mat\u00edas Vi\u00f1a. El [&hellip;]<\/p>\n","protected":false},"author":2,"featured_media":5092,"comment_status":"open","ping_status":"open","sticky":false,"template":"","format":"standard","meta":{"footnotes":""},"categories":[76],"tags":[],"class_list":{"0":"post-5091","1":"post","2":"type-post","3":"status-publish","4":"format-standard","5":"has-post-thumbnail","7":"category-deportes"},"_links":{"self":[{"href":"https:\/\/elpueblonoticia.com.ar\/web\/wp-json\/wp\/v2\/posts\/5091","targetHints":{"allow":["GET"]}}],"collection":[{"href":"https:\/\/elpueblonoticia.com.ar\/web\/wp-json\/wp\/v2\/posts"}],"about":[{"href":"https:\/\/elpueblonoticia.com.ar\/web\/wp-json\/wp\/v2\/types\/post"}],"author":[{"embeddable":true,"href":"https:\/\/elpueblonoticia.com.ar\/web\/wp-json\/wp\/v2\/users\/2"}],"replies":[{"embeddable":true,"href":"https:\/\/elpueblonoticia.com.ar\/web\/wp-json\/wp\/v2\/comments?post=5091"}],"version-history":[{"count":1,"href":"https:\/\/elpueblonoticia.com.ar\/web\/wp-json\/wp\/v2\/posts\/5091\/revisions"}],"predecessor-version":[{"id":5093,"href":"https:\/\/elpueblonoticia.com.ar\/web\/wp-json\/wp\/v2\/posts\/5091\/revisions\/5093"}],"wp:featuredmedia":[{"embeddable":true,"href":"https:\/\/elpueblonoticia.com.ar\/web\/wp-json\/wp\/v2\/media\/5092"}],"wp:attachment":[{"href":"https:\/\/elpueblonoticia.com.ar\/web\/wp-json\/wp\/v2\/media?parent=5091"}],"wp:term":[{"taxonomy":"category","embeddable":true,"href":"https:\/\/elpueblonoticia.com.ar\/web\/wp-json\/wp\/v2\/categories?post=5091"},{"taxonomy":"post_tag","embeddable":true,"href":"https:\/\/elpueblonoticia.com.ar\/web\/wp-json\/wp\/v2\/tags?post=5091"}],"curies":[{"name":"wp","href":"https:\/\/api.w.org\/{rel}","templated":true}]}}