{"id":5085,"date":"2026-01-05T11:50:09","date_gmt":"2026-01-05T14:50:09","guid":{"rendered":"https:\/\/elpueblonoticia.com.ar\/web\/?p=5085"},"modified":"2026-01-05T11:50:09","modified_gmt":"2026-01-05T14:50:09","slug":"cristina-kirchner-fue-dada-de-alta-el-nuevo-parte-medico-del-sanatorio-otamendi","status":"publish","type":"post","link":"https:\/\/elpueblonoticia.com.ar\/web\/2026\/01\/05\/cristina-kirchner-fue-dada-de-alta-el-nuevo-parte-medico-del-sanatorio-otamendi\/","title":{"rendered":"Cristina Kirchner fue dada de alta: el nuevo parte m\u00e9dico del Sanatorio Otamendi"},"content":{"rendered":"<p>Despu\u00e9s de dos semanas de internaci\u00f3n en el Sanatorio Otamendi y tras ser operada por apendicitis, la expresidenta recibi\u00f3 el alta m\u00e9dica.<\/p>\n<p>Tras haber atravesado un complejo escenario de salud que requiri\u00f3 una intervenci\u00f3n quir\u00fargica de urgencia, la ex presidente Cristina Fern\u00e1ndez de Kirchner recibi\u00f3 finalmente el alta m\u00e9dica este s\u00e1bado. La noticia fue confirmada a trav\u00e9s de un parte oficial emitido por el Sanatorio Otamendi, instituci\u00f3n donde permaneci\u00f3 internada luego de que se le diagnosticara un cuadro de apendicitis aguda, el cual se agrav\u00f3 con una peritonitis localizada y un posterior \u00edleo postoperatorio.<\/p>\n<p>De acuerdo con la informaci\u00f3n proporcionada por el centro de salud, la evoluci\u00f3n de la paciente ha sido satisfactoria en las \u00faltimas horas. Esto permiti\u00f3 que los profesionales procedieran a retirarle el drenaje peritoneal y autorizaran el paso a un tratamiento basado en antibi\u00f3ticos por v\u00eda oral. A partir de ahora, la recuperaci\u00f3n de la exmandataria continuar\u00e1 bajo una modalidad ambulatoria en su residencia, donde contar\u00e1 con la supervisi\u00f3n directa de sus m\u00e9dicos de cabecera.<\/p>\n<h2><strong>El proceso cl\u00ednico y el aval judicial<\/strong><\/h2>\n<p>La internaci\u00f3n de Fern\u00e1ndez de Kirchner comenz\u00f3 el pasado 20 de diciembre, cuando debi\u00f3 ser trasladada desde su domicilio tras manifestar fuertes dolores abdominales. Debido a que la exdirigente de 72 a\u00f1os se encuentra cumpliendo una condena de prisi\u00f3n domiciliaria, su derivaci\u00f3n al sanatorio requiri\u00f3 una autorizaci\u00f3n judicial previa. Una vez en el nosocomio, los estudios de rigor confirmaron la necesidad de entrar al quir\u00f3fano de manera inmediata.<\/p>\n<p>Durante su estad\u00eda, el Tribunal Oral Federal N\u00b02, que supervisa su situaci\u00f3n legal, se mantuvo al tanto de cada avance m\u00e9dico. En uno de los informes t\u00e9cnicos enviados a la Justicia para justificar la permanencia en el sanatorio, los especialistas detallaron: \u201cSe encuentra progresando favorablemente su dieta, con indicaci\u00f3n actual de dieta blanda con buena tolerancia, eliminaci\u00f3n de gases y catarsis positiva al d\u00eda de la fecha\u201d. Este progreso fue fundamental para que, d\u00edas despu\u00e9s, se decidiera que pod\u00eda abandonar el centro asistencial.<\/p>\n<h2><strong>Un historial de salud bajo la lupa<\/strong><\/h2>\n<p>No es la primera vez que la ex jefa de Estado conf\u00eda en el Sanatorio Otamendi para procedimientos de este tipo. En el a\u00f1o 2021, ya hab\u00eda pasado por este quir\u00f3fano para realizarse una histerectom\u00eda. Su historial m\u00e9dico tambi\u00e9n incluye una intervenci\u00f3n en 2013 en la Fundaci\u00f3n Favaloro por una colecci\u00f3n subdural en la cabeza y, un a\u00f1o antes, la extracci\u00f3n de un tumor tiroideo en el Hospital Austral de Pilar.<\/p>\n<p>En esta oportunidad, la complicaci\u00f3n principal tras la cirug\u00eda de ap\u00e9ndice fue un \u00edleo postoperatorio, detectado mediante una tomograf\u00eda computada. Este cuadro oblig\u00f3 a los m\u00e9dicos a mantener controles estrictos sobre su hidrataci\u00f3n y medicaci\u00f3n, esperando que el sistema intestinal retomara su funcionamiento normal de forma espont\u00e1nea, algo que finalmente sucedi\u00f3 seg\u00fan los \u00faltimos reportes.<\/p>\n<p>Cristina Kirchner regresa ahora a su departamento de la calle San Jos\u00e9, en el barrio de Constituci\u00f3n, donde debe seguir cumpliendo la pena impuesta por la causa conocida como &#8220;Vialidad&#8221;. Cabe recordar que el pasado 10 de junio, la Corte Suprema de Justicia dej\u00f3 firme la condena de seis a\u00f1os de prisi\u00f3n e inhabilitaci\u00f3n perpetua para ejercer cargos p\u00fablicos, al encontrarla responsable del delito de defraudaci\u00f3n al Estado. La sentencia, que tambi\u00e9n estipula un decomiso multimillonario, es la que marca el r\u00e9gimen de detenci\u00f3n domiciliaria bajo el cual se encuentra actualmente la ex presidente.<\/p>\n","protected":false},"excerpt":{"rendered":"<p>Despu\u00e9s de dos semanas de internaci\u00f3n en el Sanatorio Otamendi y tras ser operada por apendicitis, la expresidenta recibi\u00f3 el alta m\u00e9dica. Tras haber atravesado un complejo escenario de salud que requiri\u00f3 una intervenci\u00f3n quir\u00fargica de urgencia, la ex presidente Cristina Fern\u00e1ndez de Kirchner recibi\u00f3 finalmente el alta m\u00e9dica este s\u00e1bado. La noticia fue confirmada [&hellip;]<\/p>\n","protected":false},"author":2,"featured_media":5086,"comment_status":"open","ping_status":"open","sticky":false,"template":"","format":"standard","meta":{"footnotes":""},"categories":[66],"tags":[],"class_list":{"0":"post-5085","1":"post","2":"type-post","3":"status-publish","4":"format-standard","5":"has-post-thumbnail","7":"category-politica-nacionales"},"_links":{"self":[{"href":"https:\/\/elpueblonoticia.com.ar\/web\/wp-json\/wp\/v2\/posts\/5085","targetHints":{"allow":["GET"]}}],"collection":[{"href":"https:\/\/elpueblonoticia.com.ar\/web\/wp-json\/wp\/v2\/posts"}],"about":[{"href":"https:\/\/elpueblonoticia.com.ar\/web\/wp-json\/wp\/v2\/types\/post"}],"author":[{"embeddable":true,"href":"https:\/\/elpueblonoticia.com.ar\/web\/wp-json\/wp\/v2\/users\/2"}],"replies":[{"embeddable":true,"href":"https:\/\/elpueblonoticia.com.ar\/web\/wp-json\/wp\/v2\/comments?post=5085"}],"version-history":[{"count":1,"href":"https:\/\/elpueblonoticia.com.ar\/web\/wp-json\/wp\/v2\/posts\/5085\/revisions"}],"predecessor-version":[{"id":5087,"href":"https:\/\/elpueblonoticia.com.ar\/web\/wp-json\/wp\/v2\/posts\/5085\/revisions\/5087"}],"wp:featuredmedia":[{"embeddable":true,"href":"https:\/\/elpueblonoticia.com.ar\/web\/wp-json\/wp\/v2\/media\/5086"}],"wp:attachment":[{"href":"https:\/\/elpueblonoticia.com.ar\/web\/wp-json\/wp\/v2\/media?parent=5085"}],"wp:term":[{"taxonomy":"category","embeddable":true,"href":"https:\/\/elpueblonoticia.com.ar\/web\/wp-json\/wp\/v2\/categories?post=5085"},{"taxonomy":"post_tag","embeddable":true,"href":"https:\/\/elpueblonoticia.com.ar\/web\/wp-json\/wp\/v2\/tags?post=5085"}],"curies":[{"name":"wp","href":"https:\/\/api.w.org\/{rel}","templated":true}]}}