{"id":5080,"date":"2026-01-05T11:45:25","date_gmt":"2026-01-05T14:45:25","guid":{"rendered":"https:\/\/elpueblonoticia.com.ar\/web\/?p=5080"},"modified":"2026-01-05T11:45:25","modified_gmt":"2026-01-05T14:45:25","slug":"el-papa-leon-xvi-reclamo-por-la-soberania-de-venezuela-tras-la-captura-de-nicolas-maduro","status":"publish","type":"post","link":"https:\/\/elpueblonoticia.com.ar\/web\/2026\/01\/05\/el-papa-leon-xvi-reclamo-por-la-soberania-de-venezuela-tras-la-captura-de-nicolas-maduro\/","title":{"rendered":"El papa Le\u00f3n XVI reclam\u00f3 por la soberan\u00eda de Venezuela tras la captura de Nicol\u00e1s Maduro"},"content":{"rendered":"<p>Durante el \u00c1ngelus en el Vaticano, el Papa Le\u00f3n XIV pidi\u00f3 respetar la soberan\u00eda de Venezuela tras la agresi\u00f3n de Estados Unidos.<\/p>\n<p>El Papa Le\u00f3n XIV realiz\u00f3 este domingo un firme llamamiento a respetar plenamente la soberan\u00eda nacional de Venezuela y el Estado de derecho constitucional, en un mensaje pronunciado ante miles de fieles reunidos en la Plaza de San Pedro.<\/p>\n<p>Las declaraciones del Pont\u00edfice se produjeron al t\u00e9rmino del rezo del \u00c1ngelus del 4 de enero de 2026 y estuvieron marcadas por la \u201cgran preocupaci\u00f3n\u201d del Vaticano ante la escalada de tensi\u00f3n registrada en el pa\u00eds sudamericano en las \u00faltimas horas.<\/p>\n<p>Seg\u00fan se inform\u00f3, el mensaje papal lleg\u00f3 un d\u00eda despu\u00e9s del secuestro en suelo venezolano del Presidente Nicolas Maduro y su esposa, Cilia Flores, por parte de fuerzas estadounidenses, y del posterior bombardeo contra instalaciones civiles y militares, hechos que dejaron muertos y heridos.<\/p>\n<p>\u201cCon el coraz\u00f3n lleno de preocupaci\u00f3n sigo la evoluci\u00f3n de la situaci\u00f3n en Venezuela\u201d, afirm\u00f3 Le\u00f3n XIV, quien remarc\u00f3 que \u201cel bien del amado pueblo venezolano debe prevalecer por encima de cualquier otra consideraci\u00f3n\u201d.<\/p>\n<p>En ese sentido, sostuvo que ese principio debe permitir \u201csuperar la violencia\u201d y \u201cemprender caminos de justicia y de paz, garantizando la soberan\u00eda del pa\u00eds\u201d. El Papa tambi\u00e9n subray\u00f3 la necesidad de \u201casegurar el Estado de derecho inscrito en la Constituci\u00f3n\u201d y de \u201crespetar los derechos humanos y civiles de cada uno y de todos\u201d. El mensaje incluy\u00f3 adem\u00e1s un llamado a trabajar de manera conjunta para \u201cconstruir un futuro sereno de colaboraci\u00f3n, de estabilidad y de concordia\u201d, con una \u201cespecial atenci\u00f3n a los m\u00e1s pobres\u201d.<\/p>\n<p>Fiel a su rol pastoral, el Santo Padre concluy\u00f3 convocando a la oraci\u00f3n universal por Venezuela y encomend\u00f3 al pa\u00eds \u201ca la intercesi\u00f3n de la Virgen de Coromoto y de los santos Jos\u00e9 Gregorio Hern\u00e1ndez y sor Carmen Rendiles\u201d, figuras profundamente veneradas por el pueblo venezolano y canonizadas el a\u00f1o anterior.<\/p>\n","protected":false},"excerpt":{"rendered":"<p>Durante el \u00c1ngelus en el Vaticano, el Papa Le\u00f3n XIV pidi\u00f3 respetar la soberan\u00eda de Venezuela tras la agresi\u00f3n de Estados Unidos. El Papa Le\u00f3n XIV realiz\u00f3 este domingo un firme llamamiento a respetar plenamente la soberan\u00eda nacional de Venezuela y el Estado de derecho constitucional, en un mensaje pronunciado ante miles de fieles reunidos [&hellip;]<\/p>\n","protected":false},"author":2,"featured_media":5083,"comment_status":"open","ping_status":"open","sticky":false,"template":"","format":"standard","meta":{"footnotes":""},"categories":[81],"tags":[],"class_list":{"0":"post-5080","1":"post","2":"type-post","3":"status-publish","4":"format-standard","5":"has-post-thumbnail","7":"category-internacionales"},"_links":{"self":[{"href":"https:\/\/elpueblonoticia.com.ar\/web\/wp-json\/wp\/v2\/posts\/5080","targetHints":{"allow":["GET"]}}],"collection":[{"href":"https:\/\/elpueblonoticia.com.ar\/web\/wp-json\/wp\/v2\/posts"}],"about":[{"href":"https:\/\/elpueblonoticia.com.ar\/web\/wp-json\/wp\/v2\/types\/post"}],"author":[{"embeddable":true,"href":"https:\/\/elpueblonoticia.com.ar\/web\/wp-json\/wp\/v2\/users\/2"}],"replies":[{"embeddable":true,"href":"https:\/\/elpueblonoticia.com.ar\/web\/wp-json\/wp\/v2\/comments?post=5080"}],"version-history":[{"count":1,"href":"https:\/\/elpueblonoticia.com.ar\/web\/wp-json\/wp\/v2\/posts\/5080\/revisions"}],"predecessor-version":[{"id":5084,"href":"https:\/\/elpueblonoticia.com.ar\/web\/wp-json\/wp\/v2\/posts\/5080\/revisions\/5084"}],"wp:featuredmedia":[{"embeddable":true,"href":"https:\/\/elpueblonoticia.com.ar\/web\/wp-json\/wp\/v2\/media\/5083"}],"wp:attachment":[{"href":"https:\/\/elpueblonoticia.com.ar\/web\/wp-json\/wp\/v2\/media?parent=5080"}],"wp:term":[{"taxonomy":"category","embeddable":true,"href":"https:\/\/elpueblonoticia.com.ar\/web\/wp-json\/wp\/v2\/categories?post=5080"},{"taxonomy":"post_tag","embeddable":true,"href":"https:\/\/elpueblonoticia.com.ar\/web\/wp-json\/wp\/v2\/tags?post=5080"}],"curies":[{"name":"wp","href":"https:\/\/api.w.org\/{rel}","templated":true}]}}