{"id":5077,"date":"2026-01-04T13:52:45","date_gmt":"2026-01-04T16:52:45","guid":{"rendered":"https:\/\/elpueblonoticia.com.ar\/web\/?p=5077"},"modified":"2026-01-04T13:52:45","modified_gmt":"2026-01-04T16:52:45","slug":"delcy-rodriguez-asumio-la-presidencia-de-venezuela-tras-la-captura-de-nicolas-maduro","status":"publish","type":"post","link":"https:\/\/elpueblonoticia.com.ar\/web\/2026\/01\/04\/delcy-rodriguez-asumio-la-presidencia-de-venezuela-tras-la-captura-de-nicolas-maduro\/","title":{"rendered":"Delcy Rodr\u00edguez asumi\u00f3 la presidencia de Venezuela tras la captura de Nicol\u00e1s Maduro"},"content":{"rendered":"<p>As\u00ed lo dictamin\u00f3 el Tribunal Superior de Justicia, a trav\u00e9s de su representante Tania D&#8217;Amelio, para &#8220;garantizar la continuidad del Estado, la gesti\u00f3n de gobierno y la defensa de la soberan\u00eda&#8221;, mediante un audio oficial difundido por la televisi\u00f3n venezolana.<\/p>\n<p>En horas de la noche del s\u00e1bado, por la televisi\u00f3n estatal de Venezuela, el Tribunal Superior de Justicia (TSJ) de Venezuela, por medio de la Presidente de la Sala Constitucional y vocera del organismo, comunic\u00f3 que por &#8220;la situaci\u00f3n de imposibilidad del presidente&#8221;, Delcy Rodr\u00edguez, la vicepresidente, reemplazar\u00e1 a Nicol\u00e1s Maduro.<\/p>\n<p>La confirmaci\u00f3n se dio en un comunicado oficial en el que D&#8217;Amelio resalt\u00f3 el motivo principal de la decisi\u00f3n del Poder Judicial. &#8220;La Constituci\u00f3n, en su art\u00edculo 239, punto 6, atribuye al Vicepresidente Ejecutivo la funci\u00f3n de suplir las faltas temporales del Presidente&#8221;, detall\u00f3 la magistrada.<\/p>\n<p>&#8220;En el estado actual de urgencia manifiesta y amenaza cierta, resulta imperativo necesario y proporcionado disponer cautelarmente que dicha funci\u00f3n se ejerza de inmediato&#8221;, aseguraron desde el TSJ con el argumento de evitar la acefal\u00eda en este momento en el que, incluso, Donald Trump declar\u00f3 que podr\u00eda haber un segundo ataque de las fuerzas armadas estadounidenses contra el territorio de Venezuela.<\/p>\n<article class=\"article-body article-body--first-paragraph\">En el mensaje, la integrante de la Sala Constitucional relat\u00f3 que la asunci\u00f3n de Delcy Rodr\u00edguez como primera mandataria se da r\u00e1pidamente &#8220;a modo de\u00a0facilitar los intereses de la Naci\u00f3n frente a la agresi\u00f3n extranjera\u00a0que actualmente enfrentan&#8221;. Adem\u00e1s, reforz\u00f3: &#8220;A los fines de determinar el r\u00e9gimen jur\u00eddico aplicable para\u00a0garantizar la continuidad del Estado, la gesti\u00f3n de gobierno y la defensa de la soberan\u00eda\u00a0ante la ausencia forzosa del presidente de la rep\u00fablica&#8221;.<\/p>\n<\/article>\n<article class=\"article-body article-body--first-paragraph\">&#8220;Se ordena que la ciudadana Delcy Rodr\u00edguez, Vicepresidenta Ejecutiva de la Rep\u00fablica,\u00a0asuma y ejerza en condici\u00f3n de encargada, todas las atribuciones, deberes y facultades inherentes al cargo de Presidenta de la Rep\u00fablica Bolivariana de Venezuela&#8221;, concluy\u00f3 el enunciado por la TV estatal.<\/p>\n<\/article>\n<article class=\"article-body article-body--first-paragraph\">\n<h2><strong>Delcy Rodr\u00edguez respondi\u00f3 a Donald Trump: &#8220;Nuestros enemigos pretenden de nuevo esclavizarnos&#8221;<\/strong><\/h2>\n<p>Despu\u00e9s del ataque a la capital venezolana y\u00a0\u00a0la captura del presidente Maduro y la primera dama,\u00a0Cilia Flores por parte de Estados Unidos, hubo contestaci\u00f3n por parte del gobierno venezolano: la vicepresidenta\u00a0Delcy Rodr\u00edguez desafi\u00f3 a Donald Trumpcon un contundente discurso ante medios de todo el mundo.<\/p>\n<p>La funcionaria dej\u00f3 un claro mensaje, en el que asegur\u00f3 que habr\u00e1 resistencia. &#8220;Si hay algo que este pa\u00eds y los venezolanos tienen en claro, es que jam\u00e1s volveremos a ser esclavos,jam\u00e1s volveremos a ser colonia de ning\u00fan imperio\u201d, fue una de las primeras frases Rodr\u00edguez.<\/p>\n<p>Luego, record\u00f3 que el propio Nicol\u00e1s Maduro hizo un llamado a mantener buenas relaciones bilaterales con Estados Unidos: &#8220;Hace apenas 2 d\u00edas, p\u00fablicamente, en una entrevista de televisi\u00f3n,\u00a0ratificaba la disposici\u00f3n de este gobierno de tener relaciones de di\u00e1logo\u00a0para abordar una agenda constructiva&#8221;.<\/p>\n<p>&#8220;La respuesta fue esta agresi\u00f3n que\u00a0viola flagrantemente el Art\u00edculo 1 de la Carta de las Naciones Unidas&#8221;, cuestion\u00f3 la mandataria. El enunciado de la ONU indica que los estados deben abogar por &#8220;la paz y la seguridad internacional, tomar medidas colectivas eficaces para prevenir y eliminar amenazas a la paz&#8221;<\/p>\n<\/article>\n","protected":false},"excerpt":{"rendered":"<p>As\u00ed lo dictamin\u00f3 el Tribunal Superior de Justicia, a trav\u00e9s de su representante Tania D&#8217;Amelio, para &#8220;garantizar la continuidad del Estado, la gesti\u00f3n de gobierno y la defensa de la soberan\u00eda&#8221;, mediante un audio oficial difundido por la televisi\u00f3n venezolana. En horas de la noche del s\u00e1bado, por la televisi\u00f3n estatal de Venezuela, el Tribunal [&hellip;]<\/p>\n","protected":false},"author":2,"featured_media":5078,"comment_status":"open","ping_status":"open","sticky":false,"template":"","format":"standard","meta":{"footnotes":""},"categories":[81],"tags":[],"class_list":{"0":"post-5077","1":"post","2":"type-post","3":"status-publish","4":"format-standard","5":"has-post-thumbnail","7":"category-internacionales"},"_links":{"self":[{"href":"https:\/\/elpueblonoticia.com.ar\/web\/wp-json\/wp\/v2\/posts\/5077","targetHints":{"allow":["GET"]}}],"collection":[{"href":"https:\/\/elpueblonoticia.com.ar\/web\/wp-json\/wp\/v2\/posts"}],"about":[{"href":"https:\/\/elpueblonoticia.com.ar\/web\/wp-json\/wp\/v2\/types\/post"}],"author":[{"embeddable":true,"href":"https:\/\/elpueblonoticia.com.ar\/web\/wp-json\/wp\/v2\/users\/2"}],"replies":[{"embeddable":true,"href":"https:\/\/elpueblonoticia.com.ar\/web\/wp-json\/wp\/v2\/comments?post=5077"}],"version-history":[{"count":1,"href":"https:\/\/elpueblonoticia.com.ar\/web\/wp-json\/wp\/v2\/posts\/5077\/revisions"}],"predecessor-version":[{"id":5079,"href":"https:\/\/elpueblonoticia.com.ar\/web\/wp-json\/wp\/v2\/posts\/5077\/revisions\/5079"}],"wp:featuredmedia":[{"embeddable":true,"href":"https:\/\/elpueblonoticia.com.ar\/web\/wp-json\/wp\/v2\/media\/5078"}],"wp:attachment":[{"href":"https:\/\/elpueblonoticia.com.ar\/web\/wp-json\/wp\/v2\/media?parent=5077"}],"wp:term":[{"taxonomy":"category","embeddable":true,"href":"https:\/\/elpueblonoticia.com.ar\/web\/wp-json\/wp\/v2\/categories?post=5077"},{"taxonomy":"post_tag","embeddable":true,"href":"https:\/\/elpueblonoticia.com.ar\/web\/wp-json\/wp\/v2\/tags?post=5077"}],"curies":[{"name":"wp","href":"https:\/\/api.w.org\/{rel}","templated":true}]}}