{"id":5071,"date":"2026-01-04T13:47:26","date_gmt":"2026-01-04T16:47:26","guid":{"rendered":"https:\/\/elpueblonoticia.com.ar\/web\/?p=5071"},"modified":"2026-01-04T13:47:26","modified_gmt":"2026-01-04T16:47:26","slug":"marisa-baez-es-nuevamente-presidente-de-la-biblioteca-popular-domingo-faustino-sarmiento","status":"publish","type":"post","link":"https:\/\/elpueblonoticia.com.ar\/web\/2026\/01\/04\/marisa-baez-es-nuevamente-presidente-de-la-biblioteca-popular-domingo-faustino-sarmiento\/","title":{"rendered":"Marisa B\u00e1ez es nuevamente presidente de la biblioteca popular \u201cDomingo Faustino Sarmiento\u201d"},"content":{"rendered":"<p>En la \u00faltima asamblea general ordinaria, la Asociaci\u00f3n Mutual de Maestros y Biblioteca Popular \u201cDomingo F Sarmiento\u201d, ratific\u00f3 la confianza para un nuevo periodo al frente de la Comisi\u00f3n Directiva a la Profesora Marisa Laura B\u00e1ez.<\/p>\n<p>\u201c\u00a1Celebramos el voluntariado que nos une!\u201d Se\u00f1al\u00f3 la flamante presidente de la entidad se\u00f1era de la ciudad.<\/p>\n<p>El pasado 29 de diciembre del 2025, la\u00a0Asociaci\u00f3n Mutual de Maestros de Goya y Biblioteca Popular \u201cDomingo F Sarmiento\u201d, realiz\u00f3 su asamblea general ordinaria, dentro de los puntos del d\u00eda, se encontraba la renovaci\u00f3n de la Comisi\u00f3n Directiva, por decisi\u00f3n y elecci\u00f3n de los socios participantes ratificaron por un periodo m\u00e1s a la profesora Marisa Laura B\u00e1ez al frente de la mencionada instituci\u00f3n de nuestra ciudad.<\/p>\n<p>Al concluir la asamblea desde la entidad expresaron: desde el Consejo Directivo y la Junta Fiscalizadora, agradecemos a quienes pudieron asistir y ofrecer su tiempo breve, pero suficiente y oportuno como su voto de confianza para continuar con la misi\u00f3n para la que fuera creada la entidad.<\/p>\n<p>La reelecta presidente Marisa Laura B\u00e1ez, desde sus redes manifest\u00f3: \u201c\u00a1Felicidades! La mayor\u00eda de los integrantes continuamos con la tarea y damos la bienvenida a los nuevos, quienes desde hoy sumar\u00e1n su voluntariado al equipo para honrar la memoria de los fundadores y de quienes a lo largo de estos 114 a\u00f1os de vida institucional sostuvieron a la Biblioteca Sarmiento de Goya.<\/p>\n","protected":false},"excerpt":{"rendered":"<p>En la \u00faltima asamblea general ordinaria, la Asociaci\u00f3n Mutual de Maestros y Biblioteca Popular \u201cDomingo F Sarmiento\u201d, ratific\u00f3 la confianza para un nuevo periodo al frente de la Comisi\u00f3n Directiva a la Profesora Marisa Laura B\u00e1ez. \u201c\u00a1Celebramos el voluntariado que nos une!\u201d Se\u00f1al\u00f3 la flamante presidente de la entidad se\u00f1era de la ciudad. El pasado [&hellip;]<\/p>\n","protected":false},"author":2,"featured_media":5072,"comment_status":"open","ping_status":"open","sticky":false,"template":"","format":"standard","meta":{"footnotes":""},"categories":[56],"tags":[],"class_list":{"0":"post-5071","1":"post","2":"type-post","3":"status-publish","4":"format-standard","5":"has-post-thumbnail","7":"category-locales"},"_links":{"self":[{"href":"https:\/\/elpueblonoticia.com.ar\/web\/wp-json\/wp\/v2\/posts\/5071","targetHints":{"allow":["GET"]}}],"collection":[{"href":"https:\/\/elpueblonoticia.com.ar\/web\/wp-json\/wp\/v2\/posts"}],"about":[{"href":"https:\/\/elpueblonoticia.com.ar\/web\/wp-json\/wp\/v2\/types\/post"}],"author":[{"embeddable":true,"href":"https:\/\/elpueblonoticia.com.ar\/web\/wp-json\/wp\/v2\/users\/2"}],"replies":[{"embeddable":true,"href":"https:\/\/elpueblonoticia.com.ar\/web\/wp-json\/wp\/v2\/comments?post=5071"}],"version-history":[{"count":1,"href":"https:\/\/elpueblonoticia.com.ar\/web\/wp-json\/wp\/v2\/posts\/5071\/revisions"}],"predecessor-version":[{"id":5073,"href":"https:\/\/elpueblonoticia.com.ar\/web\/wp-json\/wp\/v2\/posts\/5071\/revisions\/5073"}],"wp:featuredmedia":[{"embeddable":true,"href":"https:\/\/elpueblonoticia.com.ar\/web\/wp-json\/wp\/v2\/media\/5072"}],"wp:attachment":[{"href":"https:\/\/elpueblonoticia.com.ar\/web\/wp-json\/wp\/v2\/media?parent=5071"}],"wp:term":[{"taxonomy":"category","embeddable":true,"href":"https:\/\/elpueblonoticia.com.ar\/web\/wp-json\/wp\/v2\/categories?post=5071"},{"taxonomy":"post_tag","embeddable":true,"href":"https:\/\/elpueblonoticia.com.ar\/web\/wp-json\/wp\/v2\/tags?post=5071"}],"curies":[{"name":"wp","href":"https:\/\/api.w.org\/{rel}","templated":true}]}}