{"id":5068,"date":"2026-01-04T13:45:45","date_gmt":"2026-01-04T16:45:45","guid":{"rendered":"https:\/\/elpueblonoticia.com.ar\/web\/?p=5068"},"modified":"2026-01-04T13:45:45","modified_gmt":"2026-01-04T16:45:45","slug":"caida-de-nicolas-maduro-como-reacciono-el-arco-politico-argentino-a-la-invasion-de-donald-trump","status":"publish","type":"post","link":"https:\/\/elpueblonoticia.com.ar\/web\/2026\/01\/04\/caida-de-nicolas-maduro-como-reacciono-el-arco-politico-argentino-a-la-invasion-de-donald-trump\/","title":{"rendered":"Ca\u00edda de Nicol\u00e1s Maduro: C\u00f3mo reaccion\u00f3 el arco pol\u00edtico argentino a la invasi\u00f3n de Donald Trump"},"content":{"rendered":"<p>Caracas, la capital de Venezuela fue bombardeada por EEUU y Maduro capturado por los estadounidenses. C\u00f3mo repercute esto en la pol\u00edtica argentina.<\/p>\n<p>El inicio de 2026 trajo consigo el evento geopol\u00edtico m\u00e1s disruptivo de la d\u00e9cada en Am\u00e9rica Latina. En una maniobra que combina la contundencia militar con un alto impacto simb\u00f3lico, Estados Unidos intervino directamente en Venezuela, logrando la captura de Nicolas Maduro.<\/p>\n<section class=\"detail-body second-paragraph\">\n<section class=\"body-content note-body content-protected-false\">\n<p data-path-to-node=\"0\">La denominada\u00a0Operaci\u00f3n &#8220;Lanza del Sur&#8221;, que comenz\u00f3 en la madrugada de este s\u00e1bado 3 de enero, representa no solo un cambio de r\u00e9gimen forzado, sino una reconfiguraci\u00f3n total del equilibrio de poder en el hemisferio occidental, seg\u00fan plantean desde Am\u00e9rica del Norte.<\/p>\n<section class=\"detail-body\">\n<section class=\"body-content note-body content-protected-false\">\n<p data-path-to-node=\"1\">La intervenci\u00f3n, ejecutada bajo las \u00f3rdenes directas de\u00a0Donald Trump, no fue una sorpresa total para los analistas, dado el despliegue naval previo en el Caribe, pero s\u00ed lo fue su ejecuci\u00f3n quir\u00fargica. Seg\u00fan informes del Pent\u00e1gono, fuerzas de \u00e9lite de la\u00a0Delta Force\u00a0lideraron las maniobras terrestres en puntos clave de Caracas, logrando la detenci\u00f3n de Maduro y su esposa, Cilia Flores, quienes fueron extra\u00eddos del pa\u00eds de inmediato.<\/p>\n<\/section>\n<\/section>\n<section class=\"detail-body\">\n<section class=\"body-content note-body content-protected-false\">\n<p data-path-to-node=\"1\">Este movimiento marca el fin de un ciclo de resistencia del chavismo que dur\u00f3 m\u00e1s de dos d\u00e9cadas, enfrentando ahora un escenario de acefal\u00eda y ocupaci\u00f3n incierta.<\/p>\n<section class=\"detail-body\">\n<section class=\"body-content note-body content-protected-false\">\n<p data-path-to-node=\"2\">Desde una perspectiva geopol\u00edtica,\u00a0la ca\u00edda de Maduro mediante una intervenci\u00f3n militar directa de Washington abre un debate profundo sobre la soberan\u00eda nacional y la seguridad regional. Mientras algunos sectores ven en esta acci\u00f3n el &#8220;fin del r\u00e9gimen narcoterrorista&#8221;, otros advierten sobre el peligroso precedente de una invasi\u00f3n en suelo sudamericano en pleno siglo\u00a0XXI.<\/p>\n<\/section>\n<\/section>\n<section class=\"detail-body\">\n<section class=\"body-content note-body content-protected-false\">\n<p data-path-to-node=\"2\">La estabilidad de la regi\u00f3n pende de un hilo, mientras los mercados internacionales y las potencias aliadas a Caracas, como\u00a0Rusia\u00a0y\u00a0China, observan con cautela una movida que redefine la doctrina de intervenci\u00f3n estadounidense.<\/p>\n<h2 data-path-to-node=\"4\"><strong>Las reacciones del arco pol\u00edtico argentino sobre Venezuela<\/strong><\/h2>\n<p data-path-to-node=\"5\">Como era de esperarse, la pol\u00edtica argentina no tard\u00f3 en fracturarse frente a la noticia. Desde los sectores vinculados a la derecha y el liberalismo, se celebr\u00f3 la captura de Maduro como un &#8220;triunfo de la libertad<strong>&#8221;\u00a0<\/strong>y el fin de una dictadura que afect\u00f3 profundamente a la estabilidad migratoria y econ\u00f3mica de la regi\u00f3n. Por el contrario,\u00a0dirigentes de la izquierda y sectores del peronismo condenaron en\u00e9rgicamente la invasi\u00f3n, calific\u00e1ndola como un atropello imperialista y una violaci\u00f3n flagrante del derecho internacional. Esta polarizaci\u00f3n refleja la hist\u00f3rica divisi\u00f3n del pa\u00eds frente a la &#8220;cuesti\u00f3n venezolana&#8221;, oscilando entre el apoyo al intervencionismo democr\u00e1tico y la defensa irrestricta de la autodeterminaci\u00f3n de los pueblos.<\/p>\n<p data-path-to-node=\"5\"><strong>Axel Kicillof:\u00a0<\/strong>El gobernador de la provincia de Buenos Aires lanz\u00f3 un comunicado manifest\u00e1ndose en contra de la intervenci\u00f3n de Trump en Venezuela.<\/p>\n<div id=\"embed1029_wrap\" class=\"embed_cont type_freetext\" contenteditable=\"contenteditable\" data-provider=\"Twitter\">\n<div id=\"embed1029_content\" class=\"embed_content\">\n<div id=\"embed1029_embed\">\n<div class=\"twitter-tweet twitter-tweet-rendered\"><\/div>\n<\/div>\n<\/div>\n<\/div>\n<p data-path-to-node=\"5\"><strong>Javier Milei:<\/strong>\u00a0El presidente de la Naci\u00f3n manifest\u00f3 su apoyo a Trump a trav\u00e9s de su cuenta de X.<\/p>\n<div id=\"embed3855_wrap\" class=\"embed_cont type_freetext\" contenteditable=\"contenteditable\" data-provider=\"Twitter\">\n<div id=\"embed3855_content\" class=\"embed_content\">\n<div id=\"embed3855_embed\">\n<div class=\"twitter-tweet twitter-tweet-rendered\"><\/div>\n<\/div>\n<\/div>\n<\/div>\n<p data-path-to-node=\"5\"><strong>Wado de Pedro:\u00a0<\/strong>el senador solamente reposte\u00f3 un comunicado del Partido Justicialista manifest\u00e1ndose en contra de la situaci\u00f3n de Venezuela<\/p>\n<p data-path-to-node=\"5\"><strong>Juan Grabois:\u00a0<\/strong>a trav\u00e9s de su cuenta de X escribi\u00f3: &#8220;\u00bfCa\u00edda de Maduro titulan? \u00bfFestejan? Adem\u00e1s de perversos, \u00bfSon idiotas? \u00bfFestejan una guerra? \u00bfNo vieron c\u00f3mo qued\u00f3 Medio Oriente despu\u00e9s de Libia, Irak y Siria? No importa si es Maduro, Lula o Kast. Es invasi\u00f3n, bombardeo y secuestro. Es guerra. Es la destrucci\u00f3n del derecho p\u00fablico internacional. Es ilegal. Es criminal. Es el fin de Latinoam\u00e9rica como zona de paz. Junto a nuestro m\u00e1s en\u00e9rgico repudio, reafirmo nuestro compromiso militante en la resistencia no-violenta contra la barbarie asesina yankee que festeja el cipayaje local, en defensa de la paz hemisf\u00e9rica y la autodeterminaci\u00f3n de los pueblos&#8221;.<\/p>\n<figure id=\"8171381-Libre-1155148479_wrap\" class=\"embed_cont type_imagen\"><figcaption class=\"embed_wrapper-cont\">\n<div id=\"8171381-Libre-1155148479_epigrafe\" class=\"embed_epigrafe\"><\/div>\n<\/figcaption><\/figure>\n<p data-path-to-node=\"5\"><strong>Patricia Bullrich:<\/strong>\u00a0La senadora nacional y ex ministra de Seguridad por la Libertad Avanza comparti\u00f3 dos posteos en X. En el primero escribi\u00f3 &#8220;Venezuela ser\u00e1 libre&#8221; y despu\u00e9s a\u00f1adi\u00f3: &#8220;Argentina, al igual que los Estados Unidos, declar\u00f3 al C\u00e1rtel de los Soles como organizaci\u00f3n terrorista, una estructura criminal liderada desde el poder por el propio r\u00e9gimen de Nicol\u00e1s Maduro. Hoy es un d\u00eda hist\u00f3rico. Est\u00e1 llegando la libertad y la paz a Latinoam\u00e9rica&#8221;.<\/p>\n<p><strong>Mauricio Macri:\u00a0<\/strong>El ex presidente lanz\u00f3 un comunicado a trav\u00e9s de su cuenta de X donde celebr\u00f3 la captura de Maduro. &#8220;Durante a\u00f1os denunci\u00e9 a la dictadura criminal venezolana, de la cual el gobierno argentino lleg\u00f3 a ser socio y c\u00f3mplice. Apoy\u00e9 a sus presidentes electos, denunci\u00e9 el fraude y siempre estuve del lado de la querida Mar\u00eda Corina Machado, la gran luchadora por la libertad de Venezuela. Hoy celebro la detenci\u00f3n de Nicol\u00e1s Maduro, y ver llegar a su fin la impunidad de un dictador que se cre\u00eda eterno. Espero que el orden democr\u00e1tico pueda restablecerse de inmediato. Se inicia una \u00e9poca nueva: Latinoam\u00e9rica recupera un pa\u00eds secuestrado por una dictadura&#8221;, escribi\u00f3.<\/p>\n<p><strong>Horacio Rodr\u00edguez Larreta:<\/strong>\u00a0En un comunicado en su cuenta de X escribi\u00f3: &#8220;Venezuela sufre desde hace a\u00f1os una narcodictadura que empobreci\u00f3 a su pueblo, empuj\u00f3 a millones al exilio y cometi\u00f3 todo tipo de cr\u00edmenes. Maduro es un dictador sanguinario. Y es muy bueno para los venezolanos que no est\u00e9 m\u00e1s. Hay, sin embargo, un principio que no se puede violar unilateralmente: el respeto a la soberan\u00eda de los Estados. Es un antecedente peligroso. Aun frente a gobiernos injustos, autoritarios y violentos. La salida para Venezuela no puede ser la imposici\u00f3n externa. Tiene que ser democr\u00e1tica. Tiene que ser venezolana. Que la palabra vuelva al pueblo. Que decidan en libertad. Elecciones libres ya&#8221;.<\/p>\n<p>&nbsp;<\/p>\n<\/section>\n<\/section>\n<\/section>\n<\/section>\n<\/section>\n<\/section>\n","protected":false},"excerpt":{"rendered":"<p>Caracas, la capital de Venezuela fue bombardeada por EEUU y Maduro capturado por los estadounidenses. C\u00f3mo repercute esto en la pol\u00edtica argentina. El inicio de 2026 trajo consigo el evento geopol\u00edtico m\u00e1s disruptivo de la d\u00e9cada en Am\u00e9rica Latina. En una maniobra que combina la contundencia militar con un alto impacto simb\u00f3lico, Estados Unidos intervino [&hellip;]<\/p>\n","protected":false},"author":2,"featured_media":5069,"comment_status":"open","ping_status":"open","sticky":false,"template":"","format":"standard","meta":{"footnotes":""},"categories":[66],"tags":[],"class_list":{"0":"post-5068","1":"post","2":"type-post","3":"status-publish","4":"format-standard","5":"has-post-thumbnail","7":"category-politica-nacionales"},"_links":{"self":[{"href":"https:\/\/elpueblonoticia.com.ar\/web\/wp-json\/wp\/v2\/posts\/5068","targetHints":{"allow":["GET"]}}],"collection":[{"href":"https:\/\/elpueblonoticia.com.ar\/web\/wp-json\/wp\/v2\/posts"}],"about":[{"href":"https:\/\/elpueblonoticia.com.ar\/web\/wp-json\/wp\/v2\/types\/post"}],"author":[{"embeddable":true,"href":"https:\/\/elpueblonoticia.com.ar\/web\/wp-json\/wp\/v2\/users\/2"}],"replies":[{"embeddable":true,"href":"https:\/\/elpueblonoticia.com.ar\/web\/wp-json\/wp\/v2\/comments?post=5068"}],"version-history":[{"count":1,"href":"https:\/\/elpueblonoticia.com.ar\/web\/wp-json\/wp\/v2\/posts\/5068\/revisions"}],"predecessor-version":[{"id":5070,"href":"https:\/\/elpueblonoticia.com.ar\/web\/wp-json\/wp\/v2\/posts\/5068\/revisions\/5070"}],"wp:featuredmedia":[{"embeddable":true,"href":"https:\/\/elpueblonoticia.com.ar\/web\/wp-json\/wp\/v2\/media\/5069"}],"wp:attachment":[{"href":"https:\/\/elpueblonoticia.com.ar\/web\/wp-json\/wp\/v2\/media?parent=5068"}],"wp:term":[{"taxonomy":"category","embeddable":true,"href":"https:\/\/elpueblonoticia.com.ar\/web\/wp-json\/wp\/v2\/categories?post=5068"},{"taxonomy":"post_tag","embeddable":true,"href":"https:\/\/elpueblonoticia.com.ar\/web\/wp-json\/wp\/v2\/tags?post=5068"}],"curies":[{"name":"wp","href":"https:\/\/api.w.org\/{rel}","templated":true}]}}