{"id":5065,"date":"2026-01-04T13:40:59","date_gmt":"2026-01-04T16:40:59","guid":{"rendered":"https:\/\/elpueblonoticia.com.ar\/web\/?p=5065"},"modified":"2026-01-04T13:40:59","modified_gmt":"2026-01-04T16:40:59","slug":"escuelas-municipales-con-nuevas-propuestas-para-el-verano","status":"publish","type":"post","link":"https:\/\/elpueblonoticia.com.ar\/web\/2026\/01\/04\/escuelas-municipales-con-nuevas-propuestas-para-el-verano\/","title":{"rendered":"Escuelas municipales con nuevas propuestas para el verano"},"content":{"rendered":"<p>MASTER CLASS: FULL CARNAVAL. Este espacio de formaci\u00f3n espec\u00edfico en temas del carnaval se dictar\u00e1 el pr\u00f3ximo mi\u00e9rcoles 7 de enero desde las 19:30 horas, en la Casa del Bicentenario.\u00a0Previo al curso se acreditar\u00e1 a los participantes a partir de las 19 horas de forma gratuita.<\/p>\n<p>La Master Class, est\u00e1 dirigida a personas con conocimiento previo en maquillaje social y personal a cargo de maquillaje de comparsas.<\/p>\n<p>La inscripci\u00f3n se puede realizar a partir del lunes 5 de enero, en el horario de 9 a 11 y 30 horas, en la sede de la Escuela Municipal \u201cAntonio R Villarreal\u201d, sita en Avenida Neustadt 181.<\/p>\n","protected":false},"excerpt":{"rendered":"<p>MASTER CLASS: FULL CARNAVAL. Este espacio de formaci\u00f3n espec\u00edfico en temas del carnaval se dictar\u00e1 el pr\u00f3ximo mi\u00e9rcoles 7 de enero desde las 19:30 horas, en la Casa del Bicentenario.\u00a0Previo al curso se acreditar\u00e1 a los participantes a partir de las 19 horas de forma gratuita. La Master Class, est\u00e1 dirigida a personas con conocimiento [&hellip;]<\/p>\n","protected":false},"author":2,"featured_media":5066,"comment_status":"open","ping_status":"open","sticky":false,"template":"","format":"standard","meta":{"footnotes":""},"categories":[56],"tags":[],"class_list":{"0":"post-5065","1":"post","2":"type-post","3":"status-publish","4":"format-standard","5":"has-post-thumbnail","7":"category-locales"},"_links":{"self":[{"href":"https:\/\/elpueblonoticia.com.ar\/web\/wp-json\/wp\/v2\/posts\/5065","targetHints":{"allow":["GET"]}}],"collection":[{"href":"https:\/\/elpueblonoticia.com.ar\/web\/wp-json\/wp\/v2\/posts"}],"about":[{"href":"https:\/\/elpueblonoticia.com.ar\/web\/wp-json\/wp\/v2\/types\/post"}],"author":[{"embeddable":true,"href":"https:\/\/elpueblonoticia.com.ar\/web\/wp-json\/wp\/v2\/users\/2"}],"replies":[{"embeddable":true,"href":"https:\/\/elpueblonoticia.com.ar\/web\/wp-json\/wp\/v2\/comments?post=5065"}],"version-history":[{"count":1,"href":"https:\/\/elpueblonoticia.com.ar\/web\/wp-json\/wp\/v2\/posts\/5065\/revisions"}],"predecessor-version":[{"id":5067,"href":"https:\/\/elpueblonoticia.com.ar\/web\/wp-json\/wp\/v2\/posts\/5065\/revisions\/5067"}],"wp:featuredmedia":[{"embeddable":true,"href":"https:\/\/elpueblonoticia.com.ar\/web\/wp-json\/wp\/v2\/media\/5066"}],"wp:attachment":[{"href":"https:\/\/elpueblonoticia.com.ar\/web\/wp-json\/wp\/v2\/media?parent=5065"}],"wp:term":[{"taxonomy":"category","embeddable":true,"href":"https:\/\/elpueblonoticia.com.ar\/web\/wp-json\/wp\/v2\/categories?post=5065"},{"taxonomy":"post_tag","embeddable":true,"href":"https:\/\/elpueblonoticia.com.ar\/web\/wp-json\/wp\/v2\/tags?post=5065"}],"curies":[{"name":"wp","href":"https:\/\/api.w.org\/{rel}","templated":true}]}}