{"id":5053,"date":"2026-01-03T21:02:48","date_gmt":"2026-01-04T00:02:48","guid":{"rendered":"https:\/\/elpueblonoticia.com.ar\/web\/?p=5053"},"modified":"2026-01-03T21:02:48","modified_gmt":"2026-01-04T00:02:48","slug":"asi-se-llevaron-a-nicolas-maduro-de-venezuela-la-foto-inedita-que-publico-trump-tras-el-operativo-de-eeuu","status":"publish","type":"post","link":"https:\/\/elpueblonoticia.com.ar\/web\/2026\/01\/03\/asi-se-llevaron-a-nicolas-maduro-de-venezuela-la-foto-inedita-que-publico-trump-tras-el-operativo-de-eeuu\/","title":{"rendered":"As\u00ed se llevaron a Nicol\u00e1s Maduro de Venezuela: La foto in\u00e9dita que public\u00f3 Trump tras el operativo de EEUU"},"content":{"rendered":"<p>Donald Trump filtr\u00f3 una foto de Nicol\u00e1s Maduro siendo capturado en Venezuela. Por lo que se puede observar en la imagen, Nicol\u00e1s Maduro fue capturado con vendas en los ojos, llevaba una botella de agua entre sus manos y estaba vestido con un joggin y una campera deportiva de color gris. \u201cNicol\u00e1s Maduro a bordo del USS Iwo Jima\u201d, escribi\u00f3 Trump.<\/p>\n<p>Se trata de la primera imagen de Nicol\u00e1s Maduro capturado, lo que represent\u00f3 una evidencia visual del arresto llevado adelante por las fuerzas militares de Estados Unidos durante este s\u00e1bado 3 de enero. Cabe resaltar que se produjeron fuegos y algunos da\u00f1os en el vallado de la Base A\u00e9rea General\u00edsimo Francisco de Miranda, tambi\u00e9n conocida como La Carlota, el principal aeropuerto militar de Caracas, tras la ofensiva estadounidense en Venezuela.<\/p>\n<p>Adem\u00e1s del fuego, en el lugar se observaban restos de \u00e1rboles y destrozos en la principal autopista de la ciudad, adyacente a la instalaci\u00f3n militar, donde tambi\u00e9n se encontraban uniformados en veh\u00edculos que rodeaban la zona.<\/p>\n<p>&nbsp;<\/p>\n","protected":false},"excerpt":{"rendered":"<p>Donald Trump filtr\u00f3 una foto de Nicol\u00e1s Maduro siendo capturado en Venezuela. Por lo que se puede observar en la imagen, Nicol\u00e1s Maduro fue capturado con vendas en los ojos, llevaba una botella de agua entre sus manos y estaba vestido con un joggin y una campera deportiva de color gris. \u201cNicol\u00e1s Maduro a bordo [&hellip;]<\/p>\n","protected":false},"author":2,"featured_media":5054,"comment_status":"open","ping_status":"open","sticky":false,"template":"","format":"standard","meta":{"footnotes":""},"categories":[81],"tags":[],"class_list":{"0":"post-5053","1":"post","2":"type-post","3":"status-publish","4":"format-standard","5":"has-post-thumbnail","7":"category-internacionales"},"_links":{"self":[{"href":"https:\/\/elpueblonoticia.com.ar\/web\/wp-json\/wp\/v2\/posts\/5053","targetHints":{"allow":["GET"]}}],"collection":[{"href":"https:\/\/elpueblonoticia.com.ar\/web\/wp-json\/wp\/v2\/posts"}],"about":[{"href":"https:\/\/elpueblonoticia.com.ar\/web\/wp-json\/wp\/v2\/types\/post"}],"author":[{"embeddable":true,"href":"https:\/\/elpueblonoticia.com.ar\/web\/wp-json\/wp\/v2\/users\/2"}],"replies":[{"embeddable":true,"href":"https:\/\/elpueblonoticia.com.ar\/web\/wp-json\/wp\/v2\/comments?post=5053"}],"version-history":[{"count":1,"href":"https:\/\/elpueblonoticia.com.ar\/web\/wp-json\/wp\/v2\/posts\/5053\/revisions"}],"predecessor-version":[{"id":5055,"href":"https:\/\/elpueblonoticia.com.ar\/web\/wp-json\/wp\/v2\/posts\/5053\/revisions\/5055"}],"wp:featuredmedia":[{"embeddable":true,"href":"https:\/\/elpueblonoticia.com.ar\/web\/wp-json\/wp\/v2\/media\/5054"}],"wp:attachment":[{"href":"https:\/\/elpueblonoticia.com.ar\/web\/wp-json\/wp\/v2\/media?parent=5053"}],"wp:term":[{"taxonomy":"category","embeddable":true,"href":"https:\/\/elpueblonoticia.com.ar\/web\/wp-json\/wp\/v2\/categories?post=5053"},{"taxonomy":"post_tag","embeddable":true,"href":"https:\/\/elpueblonoticia.com.ar\/web\/wp-json\/wp\/v2\/tags?post=5053"}],"curies":[{"name":"wp","href":"https:\/\/api.w.org\/{rel}","templated":true}]}}