{"id":5033,"date":"2026-01-03T14:18:21","date_gmt":"2026-01-03T17:18:21","guid":{"rendered":"https:\/\/elpueblonoticia.com.ar\/web\/?p=5033"},"modified":"2026-01-03T14:18:21","modified_gmt":"2026-01-03T17:18:21","slug":"river-se-traslada-a-san-martin-de-los-andes-para-encarar-la-fase-mas-exigente-de-la-pretemporada","status":"publish","type":"post","link":"https:\/\/elpueblonoticia.com.ar\/web\/2026\/01\/03\/river-se-traslada-a-san-martin-de-los-andes-para-encarar-la-fase-mas-exigente-de-la-pretemporada\/","title":{"rendered":"River se traslada a San Mart\u00edn de los Andes para encarar la fase m\u00e1s exigente de la pretemporada"},"content":{"rendered":"<p>El equipo de Marcelo Gallardo viajar\u00e1 este viernes por la noche a Neuqu\u00e9n para realizar el trabajo f\u00edsico de preparaci\u00f3n, en una estad\u00eda m\u00e1s corta que en a\u00f1os anteriores.<\/p>\n<p>River entra en la etapa m\u00e1s intensa de su preparaci\u00f3n para la temporada 2026. Este viernes por la noche, el plantel dirigido por Marcelo Gallardo viajar\u00e1 a San Mart\u00edn de los Andes, donde llevar\u00e1 adelante el bloque f\u00edsico de la pretemporada. La delegaci\u00f3n partir\u00e1 desde Buenos Aires luego del \u00faltimo entrenamiento vespertino en el River Camp y arribar\u00e1 a Neuqu\u00e9n cerca de las 21, con posterior traslado al hotel Loi Suites Chapelco, donde se espera un importante recibimiento de hinchas.<\/p>\n<p>La elecci\u00f3n de San Mart\u00edn de los Andes no es casual. Ser\u00e1 la cuarta vez que River realice una pretemporada en esa ciudad bajo la conducci\u00f3n de Gallardo, luego de las experiencias de 2020, 2022 y 2024. El cuerpo t\u00e9cnico valora especialmente las condiciones clim\u00e1ticas, la infraestructura y el entorno natural para desarrollar trabajos de alta exigencia f\u00edsica, clave en el arranque del a\u00f1o competitivo.<\/p>\n<p>El equipo permanecer\u00e1 all\u00ed hasta el s\u00e1bado 10 de enero, d\u00eda en que emprender\u00e1 viaje hacia Uruguay para disputar la Serie R\u00edo de la Plata. En ese certamen amistoso, River enfrentar\u00e1 a Millonarios de Colombia el domingo 11 de enero a las 21:00 y luego se medir\u00e1 ante Pe\u00f1arol el s\u00e1bado 17 a las 22:00, ambos encuentros en el estadio Domingo Burgue\u00f1o Miguel de Maldonado.<\/p>\n<p>La planificaci\u00f3n responde a un calendario ajustado y a la necesidad de llegar con ritmo futbol\u00edstico al inicio oficial de la competencia. River debutar\u00e1 a fines de enero frente a Barracas Central, por la primera fecha del Grupo B del Torneo Apertura, y el Mu\u00f1eco busca que el equipo llegue con una base f\u00edsica s\u00f3lida y rodaje suficiente antes del arranque formal.<\/p>\n<p>En cuanto al plantel, el entrenador ya cuenta con dos incorporaciones confirmadas. An\u00edbal Moreno arrib\u00f3 desde Palmeiras a cambio de siete millones de d\u00f3lares y firm\u00f3 contrato hasta diciembre de 2029, con River adquiriendo la totalidad de su pase. El mediocampista regresa al f\u00fatbol argentino tras su paso por Brasil, luego de haber jugado en Newell\u2019s y Racing. A su vez, Fausto Vera se sum\u00f3 a pr\u00e9stamo desde Atl\u00e9tico Mineiro por un a\u00f1o, con un cargo de 500 mil d\u00f3lares y una opci\u00f3n de compra fijada en cuatro millones.<\/p>\n<p>La pretemporada tambi\u00e9n servir\u00e1 para evaluar a juveniles, ajustar detalles t\u00e1cticos y terminar de definir el plantel con el que River afrontar\u00e1 un 2026 cargado de desaf\u00edos. Con trabajo f\u00edsico intenso, amistosos internacionales y movimientos tanto en el campo como en el cuerpo t\u00e9cnico, el Millonario empieza a tomar forma bajo la conducci\u00f3n de un Gallardo que vuelve a apostar por la planificaci\u00f3n y la identidad como ejes centrales del proyecto.<\/p>\n","protected":false},"excerpt":{"rendered":"<p>El equipo de Marcelo Gallardo viajar\u00e1 este viernes por la noche a Neuqu\u00e9n para realizar el trabajo f\u00edsico de preparaci\u00f3n, en una estad\u00eda m\u00e1s corta que en a\u00f1os anteriores. River entra en la etapa m\u00e1s intensa de su preparaci\u00f3n para la temporada 2026. Este viernes por la noche, el plantel dirigido por Marcelo Gallardo viajar\u00e1 [&hellip;]<\/p>\n","protected":false},"author":2,"featured_media":5034,"comment_status":"open","ping_status":"open","sticky":false,"template":"","format":"standard","meta":{"footnotes":""},"categories":[76],"tags":[],"class_list":{"0":"post-5033","1":"post","2":"type-post","3":"status-publish","4":"format-standard","5":"has-post-thumbnail","7":"category-deportes"},"_links":{"self":[{"href":"https:\/\/elpueblonoticia.com.ar\/web\/wp-json\/wp\/v2\/posts\/5033","targetHints":{"allow":["GET"]}}],"collection":[{"href":"https:\/\/elpueblonoticia.com.ar\/web\/wp-json\/wp\/v2\/posts"}],"about":[{"href":"https:\/\/elpueblonoticia.com.ar\/web\/wp-json\/wp\/v2\/types\/post"}],"author":[{"embeddable":true,"href":"https:\/\/elpueblonoticia.com.ar\/web\/wp-json\/wp\/v2\/users\/2"}],"replies":[{"embeddable":true,"href":"https:\/\/elpueblonoticia.com.ar\/web\/wp-json\/wp\/v2\/comments?post=5033"}],"version-history":[{"count":1,"href":"https:\/\/elpueblonoticia.com.ar\/web\/wp-json\/wp\/v2\/posts\/5033\/revisions"}],"predecessor-version":[{"id":5035,"href":"https:\/\/elpueblonoticia.com.ar\/web\/wp-json\/wp\/v2\/posts\/5033\/revisions\/5035"}],"wp:featuredmedia":[{"embeddable":true,"href":"https:\/\/elpueblonoticia.com.ar\/web\/wp-json\/wp\/v2\/media\/5034"}],"wp:attachment":[{"href":"https:\/\/elpueblonoticia.com.ar\/web\/wp-json\/wp\/v2\/media?parent=5033"}],"wp:term":[{"taxonomy":"category","embeddable":true,"href":"https:\/\/elpueblonoticia.com.ar\/web\/wp-json\/wp\/v2\/categories?post=5033"},{"taxonomy":"post_tag","embeddable":true,"href":"https:\/\/elpueblonoticia.com.ar\/web\/wp-json\/wp\/v2\/tags?post=5033"}],"curies":[{"name":"wp","href":"https:\/\/api.w.org\/{rel}","templated":true}]}}