{"id":5030,"date":"2026-01-03T14:13:09","date_gmt":"2026-01-03T17:13:09","guid":{"rendered":"https:\/\/elpueblonoticia.com.ar\/web\/?p=5030"},"modified":"2026-01-03T14:13:09","modified_gmt":"2026-01-03T17:13:09","slug":"el-gobierno-promulgo-el-presupuesto-2026-y-profundiza-su-politica-de-ajuste","status":"publish","type":"post","link":"https:\/\/elpueblonoticia.com.ar\/web\/2026\/01\/03\/el-gobierno-promulgo-el-presupuesto-2026-y-profundiza-su-politica-de-ajuste\/","title":{"rendered":"El gobierno promulg\u00f3 el presupuesto 2026 y profundiza su pol\u00edtica de ajuste"},"content":{"rendered":"<p>El Presupuesto elaborado por Javier Milei prioriza el equilibrio fiscal ajustando las partidas en sectores sensibles como Salud, Educaci\u00f3n, Discapacidad, Ciencia y T\u00e9cnica y jubilaciones mientras otorga ingentes fondos a los cada vez mayores compromisos de deuda y a la SIDE.<\/p>\n<p>El gobierno de Javier Milei promulg\u00f3 este viernes la ley 27.798 que define el Presupuesto General de la Administraci\u00f3n Nacional para el Ejercicio 2026, con un eje central puesto en el equilibrio fiscal, el super\u00e1vit financiero y la profundizaci\u00f3n del ajuste en sectores sensibles de la sociedad como Salud, Educaci\u00f3n, Discapacidad, Ciencia y T\u00e9cnica y jubilaciones mientras otorga ingentes fondos a los cada vez mayores compromisos de deuda y a la SIDE.<\/p>\n<p>Sancionada por el Senado de la Naci\u00f3n el 26 de diciembre pasado, el Presupuesto establece que se deber\u00e1 cerrar el a\u00f1o con un resultado financiero equilibrado o superavitario, y proyecta un super\u00e1vit de 2,73 billones de pesos para el Sector P\u00fablico Nacional. El total de gastos corrientes y de capital asciende a 148,06 billones de pesos, mientras que los recursos previstos alcanzan los 148,29 billones de pesos.<\/p>\n<p>Del total del gasto, la mayor partida se destina a Servicios Sociales, con 106,5 billones de pesos, seguida por Deuda P\u00fablica (14,1 billones de pesos), Servicios Econ\u00f3micos (11,45 billones de pesos), Administraci\u00f3n Gubernamental (8,85 billones de pesos) y Defensa y Seguridad (7,11 billones de pesos).<\/p>\n<p>La ley tambi\u00e9n fija un resultado financiero superavitario adicional de 226.469 millones de pesos, detallando fuentes de financiamiento y aplicaciones financieras, con fuerte peso del endeudamiento p\u00fablico y la amortizaci\u00f3n de deuda.<\/p>\n<section class=\"detail-body\">\n<section class=\"body-content note-body content-protected-false\">\n<p data-start=\"1716\" data-end=\"2131\">Uno de los puntos centrales del texto es el<span id=\"saysCMSEmphasisiuple3roxu\" class=\"saysCMSEmphasis\">\u00a0endurecimiento de las reglas sobre el empleo p\u00fablico. Se fija un tope de cargos y horas de c\u00e1tedra para toda la Administraci\u00f3n P\u00fablica Nacional y se proh\u00edbe cubrir vacantes<\/span>\u00a0sin autorizaci\u00f3n expresa del Jefe de Gabinete de Ministros, con excepciones puntuales para \u00e1reas sensibles como Salud, Defensa, Seguridad, guardaparques y organismos espec\u00edficos.<\/p>\n<\/section>\n<\/section>\n<section class=\"detail-body\">\n<section class=\"body-content note-body content-protected-false\">\n<p data-start=\"2133\" data-end=\"2344\">Adem\u00e1s,<span id=\"saysCMSEmphasis09azee0arake\" class=\"saysCMSEmphasis\">\u00a0las jurisdicciones deber\u00e1n remitir informaci\u00f3n detallada sobre dotaciones y contrataciones\u00a0<\/span>a la Secretar\u00eda de Hacienda del Ministerio de Econom\u00eda, que estar\u00e1 obligada a publicarla en formato abierto.<\/p>\n<p data-start=\"2386\" data-end=\"2631\">El presupuesto asigna 4,78 billones de pesos para financiar a las universidades nacionales, que deber\u00e1n rendir informaci\u00f3n ante la Secretar\u00eda de Educaci\u00f3n del Ministerio de Capital Humano, bajo apercibimiento de suspensi\u00f3n de transferencias.<\/p>\n<p data-start=\"2633\" data-end=\"2836\">En paralelo, la ley deroga art\u00edculos clave de las leyes de Educaci\u00f3n, Ciencia y Tecnolog\u00eda, incluyendo disposiciones de financiamiento educativo y del sistema cient\u00edfico, a partir del ejercicio 2026.<\/p>\n<p data-start=\"2886\" data-end=\"3163\">El texto autoriza amplias operaciones de cr\u00e9dito p\u00fablico, con posibilidad de emitir deuda bajo jurisdicci\u00f3n extranjera hasta un 18% del total, y habilita al Ministerio de Econom\u00eda a realizar operaciones de administraci\u00f3n de pasivos sin las restricciones habituales.<\/p>\n<p data-start=\"3165\" data-end=\"3529\">Tambi\u00e9n se aprueban aportes y aumentos de capital a organismos multilaterales como el Banco Interamericano de Desarrollo (BID), el FONPLATA, la Asociaci\u00f3n Internacional de Fomento (Banco Mundial) y el Fondo Multilateral de Inversiones IV (FOMIN IV), con pagos a cargo del Banco Central de la Rep\u00fablica Argentina (BCRA) y el Tesoro Nacional.<\/p>\n<p data-start=\"3581\" data-end=\"3825\">El Presupuesto 2026 destina m\u00e1s de 212 mil millones de pesos al pago de deudas previsionales del SIPA, administrado por ANSES, y otros 367 mil millones de pesos para retroactivos de retirados y pensionados de las Fuerzas Armadas y de Seguridad.<\/p>\n<p data-start=\"3827\" data-end=\"3983\">Adem\u00e1s, prorroga por diez a\u00f1os las pensiones graciables, pero incorpora condiciones patrimoniales y de ingresos m\u00e1s estrictas para su mantenimiento.<\/p>\n<p data-start=\"4026\" data-end=\"4381\">La ley incluye exenciones impositivas a importaciones estrat\u00e9gicas, como bienes de capital para empresas tecnol\u00f3gicas estatales (INVAP, VENG y DIOXITEC), vacunas y medicamentos importados por el Ministerio de Salud, y define cupos fiscales para econom\u00eda del conocimiento, biotecnolog\u00eda, industria automotriz y capacitaci\u00f3n laboral.<\/p>\n<p data-start=\"4383\" data-end=\"4679\" data-is-last-node=\"\" data-is-only-node=\"\">Con este esquema, el Presupuesto 2026 consolida la orientaci\u00f3n fiscal del Gobierno, con super\u00e1vit como objetivo central, mayor discrecionalidad en la administraci\u00f3n de partidas y un marco m\u00e1s restrictivo para el gasto p\u00fablico, el empleo estatal y el financiamiento educativo y cient\u00edfico.<\/p>\n<\/section>\n<\/section>\n","protected":false},"excerpt":{"rendered":"<p>El Presupuesto elaborado por Javier Milei prioriza el equilibrio fiscal ajustando las partidas en sectores sensibles como Salud, Educaci\u00f3n, Discapacidad, Ciencia y T\u00e9cnica y jubilaciones mientras otorga ingentes fondos a los cada vez mayores compromisos de deuda y a la SIDE. El gobierno de Javier Milei promulg\u00f3 este viernes la ley 27.798 que define el [&hellip;]<\/p>\n","protected":false},"author":2,"featured_media":5031,"comment_status":"open","ping_status":"open","sticky":false,"template":"","format":"standard","meta":{"footnotes":""},"categories":[65],"tags":[],"class_list":{"0":"post-5030","1":"post","2":"type-post","3":"status-publish","4":"format-standard","5":"has-post-thumbnail","7":"category-economia"},"_links":{"self":[{"href":"https:\/\/elpueblonoticia.com.ar\/web\/wp-json\/wp\/v2\/posts\/5030","targetHints":{"allow":["GET"]}}],"collection":[{"href":"https:\/\/elpueblonoticia.com.ar\/web\/wp-json\/wp\/v2\/posts"}],"about":[{"href":"https:\/\/elpueblonoticia.com.ar\/web\/wp-json\/wp\/v2\/types\/post"}],"author":[{"embeddable":true,"href":"https:\/\/elpueblonoticia.com.ar\/web\/wp-json\/wp\/v2\/users\/2"}],"replies":[{"embeddable":true,"href":"https:\/\/elpueblonoticia.com.ar\/web\/wp-json\/wp\/v2\/comments?post=5030"}],"version-history":[{"count":1,"href":"https:\/\/elpueblonoticia.com.ar\/web\/wp-json\/wp\/v2\/posts\/5030\/revisions"}],"predecessor-version":[{"id":5032,"href":"https:\/\/elpueblonoticia.com.ar\/web\/wp-json\/wp\/v2\/posts\/5030\/revisions\/5032"}],"wp:featuredmedia":[{"embeddable":true,"href":"https:\/\/elpueblonoticia.com.ar\/web\/wp-json\/wp\/v2\/media\/5031"}],"wp:attachment":[{"href":"https:\/\/elpueblonoticia.com.ar\/web\/wp-json\/wp\/v2\/media?parent=5030"}],"wp:term":[{"taxonomy":"category","embeddable":true,"href":"https:\/\/elpueblonoticia.com.ar\/web\/wp-json\/wp\/v2\/categories?post=5030"},{"taxonomy":"post_tag","embeddable":true,"href":"https:\/\/elpueblonoticia.com.ar\/web\/wp-json\/wp\/v2\/tags?post=5030"}],"curies":[{"name":"wp","href":"https:\/\/api.w.org\/{rel}","templated":true}]}}