{"id":5027,"date":"2026-01-03T14:10:59","date_gmt":"2026-01-03T17:10:59","guid":{"rendered":"https:\/\/elpueblonoticia.com.ar\/web\/?p=5027"},"modified":"2026-01-03T14:10:59","modified_gmt":"2026-01-03T17:10:59","slug":"ano-nuevo-sin-inconvenientes-gracias-al-trabajo-policial","status":"publish","type":"post","link":"https:\/\/elpueblonoticia.com.ar\/web\/2026\/01\/03\/ano-nuevo-sin-inconvenientes-gracias-al-trabajo-policial\/","title":{"rendered":"A\u00f1o nuevo sin inconvenientes gracias al trabajo policial"},"content":{"rendered":"<p>Este viernes, el Director de la Unidad Regional II de Goya, comisario mayor Valent\u00edn Morales salud\u00f3 a la ciudadan\u00eda deseando un Feliz A\u00f1o Nuevo para todos y mejor inicio de este 2026. Analiz\u00f3 el trabajo preventivo conjunto entre Polic\u00eda de la Provincia de Corrientes y Municipio de Goya, tanto el 25 de diciembre como el 1 de enero.<\/p>\n<p>Pasada la medianoche del 1\u00b0 de enero, autoridades policiales y agentes municipales de Direcci\u00f3n de Tr\u00e1nsito, Bomberos y otras dependencias, realizaron un trabajo conjunto durante los festejos de A\u00f1o Nuevo en Goya, supervisando operativos y controles en distintos puntos estrat\u00e9gicos.<\/p>\n<p>\u201cSe ha llevado adelante un dispositivo especial con motivos de las fiestas de Fin de A\u00f1o donde la Polic\u00eda de la Provincia de Corrientes, a trav\u00e9s de sus instituciones y las comisar\u00edas, estuvieron afectados al servicio de seguridad en distintos eventos p\u00fablicos y en lugares de recreaci\u00f3n de la comunidad. En l\u00edneas generales el dispositivo fue exitoso ya que no se han registrado incidentes a destacar y debo mencionar el buen comportamiento de la ciudadan\u00eda en general donde pudieron recrearse sanamente lo que facilit\u00f3 nuestro trabajo preventivo\u201d explic\u00f3 el Comisario.<\/p>\n<p>Hizo menci\u00f3n al recorrido por distintos puntos de la ciudad, acompa\u00f1ando al personal que cumpl\u00eda funciones durante la noche del jueves y en horarios de mayor convocatoria en espacios p\u00fablicos como es el caso del evento p\u00fablico en Predio Costa Surub\u00ed y otra privada en jurisdicci\u00f3n de la Comisar\u00eda 1\u00aa, en donde tambi\u00e9n estuvo trabajando personal policial \u201cy en l\u00edneas generales con resultados positivos por el buen comportamiento de los j\u00f3venes sobre todo\u201d resalt\u00f3.<\/p>\n<p><strong>DESAF\u00cdO<\/strong><\/p>\n<p>Las recorridas permitieron monitorear el funcionamiento de los dispositivos de control y acompa\u00f1ar la movilidad social que se dio luego del brindis de Fin de A\u00f1o.<\/p>\n<p>Este punto destac\u00f3 el comisario Morales que todos los a\u00f1os es un \u201cdesaf\u00edo\u201d para la fuerza del orden como son las desconcentraciones masivas de los lugares de esparcimiento, sin que eso implique alg\u00fan tipo de incidente relacionado con la ingesta desmedida de bebidas alcoh\u00f3licas.<\/p>\n<p>As\u00ed que quiero destacar el trabajo de Direcci\u00f3n de Tr\u00e1nsito Municipal para que esta desconcentraci\u00f3n se haga en forma ordenada y no a las apuradas\u2026felicito a todas las comisar\u00edas, a todo el personal policial y a los que estuvieron trabajando en estas dos Fiestas, y no bajamos los brazos con los festejos y eventos que tenemos m\u00e1s adelante\u201d finaliz\u00f3.<\/p>\n","protected":false},"excerpt":{"rendered":"<p>Este viernes, el Director de la Unidad Regional II de Goya, comisario mayor Valent\u00edn Morales salud\u00f3 a la ciudadan\u00eda deseando un Feliz A\u00f1o Nuevo para todos y mejor inicio de este 2026. Analiz\u00f3 el trabajo preventivo conjunto entre Polic\u00eda de la Provincia de Corrientes y Municipio de Goya, tanto el 25 de diciembre como el [&hellip;]<\/p>\n","protected":false},"author":2,"featured_media":5028,"comment_status":"open","ping_status":"open","sticky":false,"template":"","format":"standard","meta":{"footnotes":""},"categories":[56],"tags":[],"class_list":{"0":"post-5027","1":"post","2":"type-post","3":"status-publish","4":"format-standard","5":"has-post-thumbnail","7":"category-locales"},"_links":{"self":[{"href":"https:\/\/elpueblonoticia.com.ar\/web\/wp-json\/wp\/v2\/posts\/5027","targetHints":{"allow":["GET"]}}],"collection":[{"href":"https:\/\/elpueblonoticia.com.ar\/web\/wp-json\/wp\/v2\/posts"}],"about":[{"href":"https:\/\/elpueblonoticia.com.ar\/web\/wp-json\/wp\/v2\/types\/post"}],"author":[{"embeddable":true,"href":"https:\/\/elpueblonoticia.com.ar\/web\/wp-json\/wp\/v2\/users\/2"}],"replies":[{"embeddable":true,"href":"https:\/\/elpueblonoticia.com.ar\/web\/wp-json\/wp\/v2\/comments?post=5027"}],"version-history":[{"count":1,"href":"https:\/\/elpueblonoticia.com.ar\/web\/wp-json\/wp\/v2\/posts\/5027\/revisions"}],"predecessor-version":[{"id":5029,"href":"https:\/\/elpueblonoticia.com.ar\/web\/wp-json\/wp\/v2\/posts\/5027\/revisions\/5029"}],"wp:featuredmedia":[{"embeddable":true,"href":"https:\/\/elpueblonoticia.com.ar\/web\/wp-json\/wp\/v2\/media\/5028"}],"wp:attachment":[{"href":"https:\/\/elpueblonoticia.com.ar\/web\/wp-json\/wp\/v2\/media?parent=5027"}],"wp:term":[{"taxonomy":"category","embeddable":true,"href":"https:\/\/elpueblonoticia.com.ar\/web\/wp-json\/wp\/v2\/categories?post=5027"},{"taxonomy":"post_tag","embeddable":true,"href":"https:\/\/elpueblonoticia.com.ar\/web\/wp-json\/wp\/v2\/tags?post=5027"}],"curies":[{"name":"wp","href":"https:\/\/api.w.org\/{rel}","templated":true}]}}