{"id":5024,"date":"2026-01-03T14:09:11","date_gmt":"2026-01-03T17:09:11","guid":{"rendered":"https:\/\/elpueblonoticia.com.ar\/web\/?p=5024"},"modified":"2026-01-03T14:09:11","modified_gmt":"2026-01-03T17:09:11","slug":"monsenor-faifer-la-paz-debe-ser-desarmada-y-desarmante-para-construir-relaciones-verdaderas","status":"publish","type":"post","link":"https:\/\/elpueblonoticia.com.ar\/web\/2026\/01\/03\/monsenor-faifer-la-paz-debe-ser-desarmada-y-desarmante-para-construir-relaciones-verdaderas\/","title":{"rendered":"Monse\u00f1or faifer: &#8220;La paz debe ser desarmada y desarmante para construir relaciones verdaderas&#8221;"},"content":{"rendered":"<p>En el inicio del 2026, monse\u00f1or Ricardo Oscar Faifer, obispo em\u00e9rito presidi\u00f3 la misa en la solemnidad de Santa Mar\u00eda, Madre de Dios , y en el marco de la 59\u00aa Jornada Mundial de la Paz llam\u00f3 a los fieles a convertirse en &#8220;artesanos de la paz&#8221; y a desarmar el coraz\u00f3n para renovar la esperanza.<\/p>\n<p>Bajo el lema de la 59\u00aa Jornada Mundial de la Paz, la Iglesia Catedral &#8220;Nuestra Se\u00f1ora del Rosario&#8221; la feligres\u00eda goyana inici\u00f3 el a\u00f1o con la misa, presidida por el obispo em\u00e9rito de Goya, monse\u00f1or Ricardo Oscar Faifer.<\/p>\n<p>Durante la solemnidad de Santa Mar\u00eda, Madre de Dios, monse\u00f1or Faifer invit\u00f3 a la comunidad a redescubrir este tiempo como una oportunidad de renacimiento. &#8220;Cada d\u00eda puede ser el comienzo de una vida nueva, gracias al amor generoso de Dios y a la respuesta de nuestra libertad&#8221;, expres\u00f3 el prelado, subrayando que el cambio personal es la base de cualquier transformaci\u00f3n social.<\/p>\n<p>Monse\u00f1or Faifer inst\u00f3 a los presentes a ser &#8220;sembradores y artesanos&#8221; de la paz.<\/p>\n<p>&#8220;Los invito a desarmar el coraz\u00f3n para que realmente seamos constructores de relaciones buenas y pac\u00edficas. Necesitamos una paz desarmada y desarmante&#8221;, enfatiz\u00f3 el obispo al momento del saludo de paz.<\/p>\n<p>Al concluir la celebraci\u00f3n, el obispo em\u00e9rito llam\u00f3 a contemplar el pesebre y a Mar\u00eda como portadora de la bendici\u00f3n divina: &#8220;\u00c9l Se\u00f1or Jes\u00fas es nuestra paz. Que en este a\u00f1o seamos de verdad artesanos de la paz en las cosas cotidianas&#8221;.<\/p>\n<p>Por su parte, el p\u00e1rroco de la catedral, padre Ariel Gim\u00e9nez, adhiri\u00f3 a las palabras del Papa Le\u00f3n XIV y analiz\u00f3 la realidad local frente a la Jornada Mundial por la Paz.<\/p>\n<p>El padre Ariel Gim\u00e9nez advirti\u00f3 que la paz no debe verse como algo lejano o exclusivo de naciones en guerra, sino como un compromiso que ata\u00f1e a todos los ciudadanos en su trato diario.<\/p>\n<p>&#8220;La paz no se impone ni se compra; se construye desde adentro hacia afuera, desde las decisiones diarias&#8221;, se\u00f1al\u00f3 el p\u00e1rroco, recordando la advertencia pontificia: &#8220;cuando el coraz\u00f3n no est\u00e1 desarmado, la paz se vuelve fr\u00e1gil&#8221;.<\/p>\n<p>La misa por la paz, que cont\u00f3 con la participaci\u00f3n de las comunidades, concluy\u00f3 con una oraci\u00f3n de consagraci\u00f3n a la Virgen, pidiendo que el 2026 sea un camino recorrido por &#8220;hombres y mujeres capaces de sembrar esperanza y el Evangelio con alegr\u00eda&#8221;.-<\/p>\n","protected":false},"excerpt":{"rendered":"<p>En el inicio del 2026, monse\u00f1or Ricardo Oscar Faifer, obispo em\u00e9rito presidi\u00f3 la misa en la solemnidad de Santa Mar\u00eda, Madre de Dios , y en el marco de la 59\u00aa Jornada Mundial de la Paz llam\u00f3 a los fieles a convertirse en &#8220;artesanos de la paz&#8221; y a desarmar el coraz\u00f3n para renovar la [&hellip;]<\/p>\n","protected":false},"author":2,"featured_media":5025,"comment_status":"open","ping_status":"open","sticky":false,"template":"","format":"standard","meta":{"footnotes":""},"categories":[56],"tags":[],"class_list":{"0":"post-5024","1":"post","2":"type-post","3":"status-publish","4":"format-standard","5":"has-post-thumbnail","7":"category-locales"},"_links":{"self":[{"href":"https:\/\/elpueblonoticia.com.ar\/web\/wp-json\/wp\/v2\/posts\/5024","targetHints":{"allow":["GET"]}}],"collection":[{"href":"https:\/\/elpueblonoticia.com.ar\/web\/wp-json\/wp\/v2\/posts"}],"about":[{"href":"https:\/\/elpueblonoticia.com.ar\/web\/wp-json\/wp\/v2\/types\/post"}],"author":[{"embeddable":true,"href":"https:\/\/elpueblonoticia.com.ar\/web\/wp-json\/wp\/v2\/users\/2"}],"replies":[{"embeddable":true,"href":"https:\/\/elpueblonoticia.com.ar\/web\/wp-json\/wp\/v2\/comments?post=5024"}],"version-history":[{"count":1,"href":"https:\/\/elpueblonoticia.com.ar\/web\/wp-json\/wp\/v2\/posts\/5024\/revisions"}],"predecessor-version":[{"id":5026,"href":"https:\/\/elpueblonoticia.com.ar\/web\/wp-json\/wp\/v2\/posts\/5024\/revisions\/5026"}],"wp:featuredmedia":[{"embeddable":true,"href":"https:\/\/elpueblonoticia.com.ar\/web\/wp-json\/wp\/v2\/media\/5025"}],"wp:attachment":[{"href":"https:\/\/elpueblonoticia.com.ar\/web\/wp-json\/wp\/v2\/media?parent=5024"}],"wp:term":[{"taxonomy":"category","embeddable":true,"href":"https:\/\/elpueblonoticia.com.ar\/web\/wp-json\/wp\/v2\/categories?post=5024"},{"taxonomy":"post_tag","embeddable":true,"href":"https:\/\/elpueblonoticia.com.ar\/web\/wp-json\/wp\/v2\/tags?post=5024"}],"curies":[{"name":"wp","href":"https:\/\/api.w.org\/{rel}","templated":true}]}}