{"id":5020,"date":"2026-01-03T14:06:01","date_gmt":"2026-01-03T17:06:01","guid":{"rendered":"https:\/\/elpueblonoticia.com.ar\/web\/?p=5020"},"modified":"2026-01-03T14:07:14","modified_gmt":"2026-01-03T17:07:14","slug":"rapido-accionar-policial-permitio-recuperar-una-bicicleta-robada","status":"publish","type":"post","link":"https:\/\/elpueblonoticia.com.ar\/web\/2026\/01\/03\/rapido-accionar-policial-permitio-recuperar-una-bicicleta-robada\/","title":{"rendered":"R\u00e1pido accionar policial permiti\u00f3 recuperar una bicicleta robada"},"content":{"rendered":"<p>El hecho ocurri\u00f3 durante la tarde del a\u00f1o nuevo. Tras una intensa b\u00fasqueda, efectivos de la comisar\u00eda distrito de Santa Luc\u00eda, interceptaron al sospechoso en cercan\u00edas de Lavalle con el rodado denunciado.<\/p>\n<p>En la tarde del viernes 1 de enero de 2026, el personal de la Comisar\u00eda de distrito Santa Luc\u00eda, a cargo del oficial ayudante Galvez, llev\u00f3 adelante un exitoso procedimiento tras recibir una denuncia por robo en un domicilio ubicado en la calle Buenos Aires al 330 de esa localidad.<\/p>\n<p>La damnificada, identificada como Victoria Pilar Ben\u00edtez, denunci\u00f3 a las 17 horas que, tras levantarse de su descanso, constat\u00f3 que autores ignorados hab\u00edan sustra\u00eddo su bicicleta marca GLOCK, rodado 29, de color negro con detalles naranja. La \u00b4bici\u00b4 se encontraba en un pasillo de la vivienda y contaba con el dispositivo de seguridad correspondiente.<\/p>\n<p>R\u00e1pidamente, los efectivos de guardia iniciaron un rastrillaje por la zona. El operativo culmin\u00f3 con resultados positivos sobre la ruta provincial N\u00b0 27, en las inmediaciones del acceso al &#8220;Cortijo&#8221; (camino vecinal) en jurisdicci\u00f3n de Lavalle.<\/p>\n<p>En el lugar, la polic\u00eda logr\u00f3 localizar y demorar al supuesto autor del hecho, identificado como Ram\u00f3n Javier Librado.<\/p>\n<p>Asimismo, se procedi\u00f3 al secuestro preventivo de la bicicleta, la cual fue restituida a su propietaria tras las diligencias legales de rigor. El ciudadano aprehendido qued\u00f3 a disposici\u00f3n de la justicia bajo la car\u00e1tula de supuesto robo.-<\/p>\n","protected":false},"excerpt":{"rendered":"<p>El hecho ocurri\u00f3 durante la tarde del a\u00f1o nuevo. Tras una intensa b\u00fasqueda, efectivos de la comisar\u00eda distrito de Santa Luc\u00eda, interceptaron al sospechoso en cercan\u00edas de Lavalle con el rodado denunciado. En la tarde del viernes 1 de enero de 2026, el personal de la Comisar\u00eda de distrito Santa Luc\u00eda, a cargo del oficial [&hellip;]<\/p>\n","protected":false},"author":2,"featured_media":5023,"comment_status":"open","ping_status":"open","sticky":false,"template":"","format":"standard","meta":{"footnotes":""},"categories":[68],"tags":[],"class_list":{"0":"post-5020","1":"post","2":"type-post","3":"status-publish","4":"format-standard","5":"has-post-thumbnail","7":"category-policiales-nacionales"},"_links":{"self":[{"href":"https:\/\/elpueblonoticia.com.ar\/web\/wp-json\/wp\/v2\/posts\/5020","targetHints":{"allow":["GET"]}}],"collection":[{"href":"https:\/\/elpueblonoticia.com.ar\/web\/wp-json\/wp\/v2\/posts"}],"about":[{"href":"https:\/\/elpueblonoticia.com.ar\/web\/wp-json\/wp\/v2\/types\/post"}],"author":[{"embeddable":true,"href":"https:\/\/elpueblonoticia.com.ar\/web\/wp-json\/wp\/v2\/users\/2"}],"replies":[{"embeddable":true,"href":"https:\/\/elpueblonoticia.com.ar\/web\/wp-json\/wp\/v2\/comments?post=5020"}],"version-history":[{"count":1,"href":"https:\/\/elpueblonoticia.com.ar\/web\/wp-json\/wp\/v2\/posts\/5020\/revisions"}],"predecessor-version":[{"id":5022,"href":"https:\/\/elpueblonoticia.com.ar\/web\/wp-json\/wp\/v2\/posts\/5020\/revisions\/5022"}],"wp:featuredmedia":[{"embeddable":true,"href":"https:\/\/elpueblonoticia.com.ar\/web\/wp-json\/wp\/v2\/media\/5023"}],"wp:attachment":[{"href":"https:\/\/elpueblonoticia.com.ar\/web\/wp-json\/wp\/v2\/media?parent=5020"}],"wp:term":[{"taxonomy":"category","embeddable":true,"href":"https:\/\/elpueblonoticia.com.ar\/web\/wp-json\/wp\/v2\/categories?post=5020"},{"taxonomy":"post_tag","embeddable":true,"href":"https:\/\/elpueblonoticia.com.ar\/web\/wp-json\/wp\/v2\/tags?post=5020"}],"curies":[{"name":"wp","href":"https:\/\/api.w.org\/{rel}","templated":true}]}}