{"id":5009,"date":"2026-01-03T13:59:15","date_gmt":"2026-01-03T16:59:15","guid":{"rendered":"https:\/\/elpueblonoticia.com.ar\/web\/?p=5009"},"modified":"2026-01-03T13:59:15","modified_gmt":"2026-01-03T16:59:15","slug":"parque-acuatico-goya-horarios-dias-y-ruta-del-transporte-publico","status":"publish","type":"post","link":"https:\/\/elpueblonoticia.com.ar\/web\/2026\/01\/03\/parque-acuatico-goya-horarios-dias-y-ruta-del-transporte-publico\/","title":{"rendered":"Parque acu\u00e1tico goya: horarios, d\u00edas y ruta del transporte p\u00fablico"},"content":{"rendered":"<p>Un lugar que nuevamente comienza a captar el inter\u00e9s de goyanos y visitantes de nuestra ciudad, para aliviar el rigor de las altas temperaturas y poder gozar de las instalaciones y servicios del Parque Acu\u00e1tico Goya. Te compartimos los detalles para llegar en colectivo hasta este atractivo tur\u00edstico.<\/p>\n<p>Con el prop\u00f3sito de facilitar el acceso de los interesados en ocupar el lugar, los d\u00edas viernes, s\u00e1bado y domingo se cuenta con la prestaci\u00f3n del servicio de colectivo, que sale a las 13 horas, desde Avenida Alem completando su recorrido por Avenidas J.J. Rolon; Neustadt; Ruta hasta el Parque Acu\u00e1tico, el retorno a las 18 horas, con el recorrido inverso, el valor del pasaje se fij\u00f3 en 1500 Pesos.<\/p>\n","protected":false},"excerpt":{"rendered":"<p>Un lugar que nuevamente comienza a captar el inter\u00e9s de goyanos y visitantes de nuestra ciudad, para aliviar el rigor de las altas temperaturas y poder gozar de las instalaciones y servicios del Parque Acu\u00e1tico Goya. Te compartimos los detalles para llegar en colectivo hasta este atractivo tur\u00edstico. Con el prop\u00f3sito de facilitar el acceso [&hellip;]<\/p>\n","protected":false},"author":2,"featured_media":5010,"comment_status":"open","ping_status":"open","sticky":false,"template":"","format":"standard","meta":{"footnotes":""},"categories":[56],"tags":[],"class_list":{"0":"post-5009","1":"post","2":"type-post","3":"status-publish","4":"format-standard","5":"has-post-thumbnail","7":"category-locales"},"_links":{"self":[{"href":"https:\/\/elpueblonoticia.com.ar\/web\/wp-json\/wp\/v2\/posts\/5009","targetHints":{"allow":["GET"]}}],"collection":[{"href":"https:\/\/elpueblonoticia.com.ar\/web\/wp-json\/wp\/v2\/posts"}],"about":[{"href":"https:\/\/elpueblonoticia.com.ar\/web\/wp-json\/wp\/v2\/types\/post"}],"author":[{"embeddable":true,"href":"https:\/\/elpueblonoticia.com.ar\/web\/wp-json\/wp\/v2\/users\/2"}],"replies":[{"embeddable":true,"href":"https:\/\/elpueblonoticia.com.ar\/web\/wp-json\/wp\/v2\/comments?post=5009"}],"version-history":[{"count":1,"href":"https:\/\/elpueblonoticia.com.ar\/web\/wp-json\/wp\/v2\/posts\/5009\/revisions"}],"predecessor-version":[{"id":5011,"href":"https:\/\/elpueblonoticia.com.ar\/web\/wp-json\/wp\/v2\/posts\/5009\/revisions\/5011"}],"wp:featuredmedia":[{"embeddable":true,"href":"https:\/\/elpueblonoticia.com.ar\/web\/wp-json\/wp\/v2\/media\/5010"}],"wp:attachment":[{"href":"https:\/\/elpueblonoticia.com.ar\/web\/wp-json\/wp\/v2\/media?parent=5009"}],"wp:term":[{"taxonomy":"category","embeddable":true,"href":"https:\/\/elpueblonoticia.com.ar\/web\/wp-json\/wp\/v2\/categories?post=5009"},{"taxonomy":"post_tag","embeddable":true,"href":"https:\/\/elpueblonoticia.com.ar\/web\/wp-json\/wp\/v2\/tags?post=5009"}],"curies":[{"name":"wp","href":"https:\/\/api.w.org\/{rel}","templated":true}]}}