{"id":5006,"date":"2026-01-03T13:57:51","date_gmt":"2026-01-03T16:57:51","guid":{"rendered":"https:\/\/elpueblonoticia.com.ar\/web\/?p=5006"},"modified":"2026-01-03T13:57:51","modified_gmt":"2026-01-03T16:57:51","slug":"exitoso-operativo-de-control-de-transito-en-el-primer-dia-del-ano","status":"publish","type":"post","link":"https:\/\/elpueblonoticia.com.ar\/web\/2026\/01\/03\/exitoso-operativo-de-control-de-transito-en-el-primer-dia-del-ano\/","title":{"rendered":"Exitoso operativo de control de tr\u00e1nsito en el primer d\u00eda del a\u00f1o"},"content":{"rendered":"<p>El dispositivo de control, prevenci\u00f3n del tr\u00e1nsito durante la celebraci\u00f3n del a\u00f1o nuevo se puede considerar como \u201cexitoso\u201d, basados en la movilizaci\u00f3n de personas en la v\u00eda p\u00fablica durante este festejo.<\/p>\n<p>En las consideraciones de la Direcci\u00f3n de Tr\u00e1nsito otro factor analizado en esta circulaci\u00f3n, las diferentes ofertas p\u00fablica y privadas para la Fiesta del A\u00f1o Nuevo, en distintos lugares de la ciudad.<\/p>\n<p>La recomendaci\u00f3n de la Direcci\u00f3n de Tr\u00e1nsito, atento a los eventos, que surgen en esta temporada especialmente a los motociclistas, conducir con la documentaci\u00f3n del veh\u00edculo, personal y el casco, sin dudas este elemento \u201csalva vidas\u201d<\/p>\n<p>Durante el dispositivo la Direcci\u00f3n de Tr\u00e1nsito ha desplegado unos 20 agentes por los distintos sectores de la ciudad, Costanera Norte, Playa El Inga (Lugar blindado en la noche del 31 y madrugada del 1 de enero); Costa Surub\u00ed; la recorrida comprendi\u00f3 microcentro, Posada El Sauce, Alem; se hicieron m\u00e1s de 200 dosajes de alcoholemia, cuatro dieron positivo el examen, dos motos, dos autom\u00f3viles (un auto, una camioneta).<\/p>\n<p>Durante la recorrida de los agentes de tr\u00e1nsito, un dato a resaltar es la utilizaci\u00f3n en la mayor\u00eda de los conductores de motocicletas del casco.<\/p>\n<p><strong>ACCIDENTE<\/strong><\/p>\n<p>En su informe la Direcci\u00f3n de Tr\u00e1nsito menciona el \u00fanico accidente registrado, el ocurrido entre una moto y una camioneta en la zona de calles Paso de los Libres y Yapey\u00fa, sin lesiones de gravedad, como consecuencia del impacto de los veh\u00edculos, en el referido accidente.<\/p>\n<p><strong>EXCELENTE ARTICULACI\u00d3N Y PLANIFICACI\u00d3N<\/strong><\/p>\n<p>La dependencia municipal destaca la excelencia en la articulaci\u00f3n del despliegue del dispositivo junto a la Polic\u00eda de la Provincia, con una buena planificaci\u00f3n, dise\u00f1ada en la reuni\u00f3n realizada en el Sal\u00f3n de Acuerdos de la Municipalidad, previo a las tradicionales fiestas; especialmente con la Comisar\u00eda Segunda, efectiva intervenci\u00f3n bajo las \u00f3rdenes de la Comisario Inspector Carmen Errecalde, resaltando la buena organizaci\u00f3n para desarrollar este operativo.<\/p>\n<p>Sin dudas dada la circulaci\u00f3n, la movilizaci\u00f3n en la v\u00eda p\u00fablica durante la celebraci\u00f3n de la llegada del nuevo a\u00f1o, la Direcci\u00f3n de Tr\u00e1nsito, vuelve a remarcar los resultados alcanzados son producto de una buena planificaci\u00f3n, organizaci\u00f3n y predisposici\u00f3n ciudadana, reiterando la calificaci\u00f3n, analizando estos factores, como un dispositivo exitoso.<\/p>\n<p>Vale mencionar que los controles, establecidos en el dispositivo delineado por la Direcci\u00f3n de Tr\u00e1nsito, continuaron durante este primer d\u00eda del a\u00f1o 2026, a cargo de la guardia correspondiente.<\/p>\n<p>Sin dejar de sugerir a los ciudadanos, de manera especial a los conductores de motos, circular con la documentaci\u00f3n espec\u00edfica y el uso \u201cobligatorio\u201d del caso, sin dudas \u201csalva vidas\u201d recuerda en su mensaje la Direcci\u00f3n de Tr\u00e1nsito<\/p>\n","protected":false},"excerpt":{"rendered":"<p>El dispositivo de control, prevenci\u00f3n del tr\u00e1nsito durante la celebraci\u00f3n del a\u00f1o nuevo se puede considerar como \u201cexitoso\u201d, basados en la movilizaci\u00f3n de personas en la v\u00eda p\u00fablica durante este festejo. En las consideraciones de la Direcci\u00f3n de Tr\u00e1nsito otro factor analizado en esta circulaci\u00f3n, las diferentes ofertas p\u00fablica y privadas para la Fiesta del [&hellip;]<\/p>\n","protected":false},"author":2,"featured_media":5007,"comment_status":"open","ping_status":"open","sticky":false,"template":"","format":"standard","meta":{"footnotes":""},"categories":[56],"tags":[],"class_list":{"0":"post-5006","1":"post","2":"type-post","3":"status-publish","4":"format-standard","5":"has-post-thumbnail","7":"category-locales"},"_links":{"self":[{"href":"https:\/\/elpueblonoticia.com.ar\/web\/wp-json\/wp\/v2\/posts\/5006","targetHints":{"allow":["GET"]}}],"collection":[{"href":"https:\/\/elpueblonoticia.com.ar\/web\/wp-json\/wp\/v2\/posts"}],"about":[{"href":"https:\/\/elpueblonoticia.com.ar\/web\/wp-json\/wp\/v2\/types\/post"}],"author":[{"embeddable":true,"href":"https:\/\/elpueblonoticia.com.ar\/web\/wp-json\/wp\/v2\/users\/2"}],"replies":[{"embeddable":true,"href":"https:\/\/elpueblonoticia.com.ar\/web\/wp-json\/wp\/v2\/comments?post=5006"}],"version-history":[{"count":1,"href":"https:\/\/elpueblonoticia.com.ar\/web\/wp-json\/wp\/v2\/posts\/5006\/revisions"}],"predecessor-version":[{"id":5008,"href":"https:\/\/elpueblonoticia.com.ar\/web\/wp-json\/wp\/v2\/posts\/5006\/revisions\/5008"}],"wp:featuredmedia":[{"embeddable":true,"href":"https:\/\/elpueblonoticia.com.ar\/web\/wp-json\/wp\/v2\/media\/5007"}],"wp:attachment":[{"href":"https:\/\/elpueblonoticia.com.ar\/web\/wp-json\/wp\/v2\/media?parent=5006"}],"wp:term":[{"taxonomy":"category","embeddable":true,"href":"https:\/\/elpueblonoticia.com.ar\/web\/wp-json\/wp\/v2\/categories?post=5006"},{"taxonomy":"post_tag","embeddable":true,"href":"https:\/\/elpueblonoticia.com.ar\/web\/wp-json\/wp\/v2\/tags?post=5006"}],"curies":[{"name":"wp","href":"https:\/\/api.w.org\/{rel}","templated":true}]}}