{"id":5003,"date":"2026-01-03T13:55:44","date_gmt":"2026-01-03T16:55:44","guid":{"rendered":"https:\/\/elpueblonoticia.com.ar\/web\/?p=5003"},"modified":"2026-01-03T13:55:44","modified_gmt":"2026-01-03T16:55:44","slug":"una-multitud-recibio-el-nuevo-ano-en-costa-surubi","status":"publish","type":"post","link":"https:\/\/elpueblonoticia.com.ar\/web\/2026\/01\/03\/una-multitud-recibio-el-nuevo-ano-en-costa-surubi\/","title":{"rendered":"Una multitud recibi\u00f3 el nuevo a\u00f1o en costa surub\u00ed"},"content":{"rendered":"<p>Miles de goyanos optaron por la propuesta de celebrar la llegada de un nuevo a\u00f1o, en el Multiespacio Ferial de Costa Surub\u00ed.<\/p>\n<p>La iniciativa impulsada desde la Municipalidad de Goya, coordinada a trav\u00e9s de la Direcci\u00f3n de Juventud, con la intervenci\u00f3n de varias \u00e1reas municipales cont\u00f3 con la gran adhesi\u00f3n de goyanos, que desde la habilitaci\u00f3n del acceso a la 1 de la madrugada comenzaron a ingresar al Predio con el objetivo de festejar la llegada del A\u00f1o Nuevo.<\/p>\n<p>La log\u00edstica desplegada para garantizar la seguridad en el espacio destinado a la celebraci\u00f3n, se realiz\u00f3 de manera satisfactoria, cumpliendo con las disposiciones establecidas para que el encuentro se convierta en una gran fiesta, objetivo cumplido a partir de efectivizar todo lo dispuesto en el control de ingreso de los protagonistas, recordando que estaba permitido el ingreso con conservadoras, sin envase de vidrio u otros elementos que pudieran causar o provocar da\u00f1os en la integridad de los asistentes.<\/p>\n<p>De manera incesante se fue dando la llegada de las personas que eligieron el Multiespacio Ferial de Costa Surub\u00ed para recibir el 2026, disfrutando del show de los DJs Agus Quiroz y Fede Medero, quienes desde su \u201cconsola\u201d musicalizaron toda la madrugada con los diferentes ritmos musicales, encontrando la aceptaci\u00f3n por parte del p\u00fablico participante.<\/p>\n<p>Una verdadera Fiesta la celebrada en Costa Surub\u00ed donde se cont\u00f3 con la asistencia de las \u00e1reas municipales respectivas para la atenci\u00f3n de los participantes, la presencia de APS, el Equipo de Emergencia Municipal, con la unidad correspondiente, la ambulancia, personal de seguridad privada y de la Polic\u00eda de la Provincia para garantizar un aspecto fundamental de la convocatoria la seguridad en el Multiespacio Ferial y en las adyacencias del mismo.<\/p>\n<p>La aparici\u00f3n del Astro Rey (Sol), indic\u00f3 a los presentes que la Fiesta llegaba a su fin, procediendo de una manera ordenada, tranquila a dejar el espacio, contentos de compartir ese encuentro que marcaba los primeros pasos en el primer d\u00eda del a\u00f1o 2026.<\/p>\n<p>La Municipalidad de Goya, especialmente la Direcci\u00f3n de Juventud, agradece la excelente predisposici\u00f3n de los que optaron por recibir el nuevo a\u00f1o en Costa Surub\u00ed, destacando la participaci\u00f3n de miles de goyanos en la Fiesta, considerando que se ha \u201ccumplido con lo trazado para esta celebraci\u00f3n, con el compromiso de todos se logran los objetivos.\u201d<\/p>\n","protected":false},"excerpt":{"rendered":"<p>Miles de goyanos optaron por la propuesta de celebrar la llegada de un nuevo a\u00f1o, en el Multiespacio Ferial de Costa Surub\u00ed. La iniciativa impulsada desde la Municipalidad de Goya, coordinada a trav\u00e9s de la Direcci\u00f3n de Juventud, con la intervenci\u00f3n de varias \u00e1reas municipales cont\u00f3 con la gran adhesi\u00f3n de goyanos, que desde la [&hellip;]<\/p>\n","protected":false},"author":2,"featured_media":5004,"comment_status":"open","ping_status":"open","sticky":false,"template":"","format":"standard","meta":{"footnotes":""},"categories":[56],"tags":[],"class_list":{"0":"post-5003","1":"post","2":"type-post","3":"status-publish","4":"format-standard","5":"has-post-thumbnail","7":"category-locales"},"_links":{"self":[{"href":"https:\/\/elpueblonoticia.com.ar\/web\/wp-json\/wp\/v2\/posts\/5003","targetHints":{"allow":["GET"]}}],"collection":[{"href":"https:\/\/elpueblonoticia.com.ar\/web\/wp-json\/wp\/v2\/posts"}],"about":[{"href":"https:\/\/elpueblonoticia.com.ar\/web\/wp-json\/wp\/v2\/types\/post"}],"author":[{"embeddable":true,"href":"https:\/\/elpueblonoticia.com.ar\/web\/wp-json\/wp\/v2\/users\/2"}],"replies":[{"embeddable":true,"href":"https:\/\/elpueblonoticia.com.ar\/web\/wp-json\/wp\/v2\/comments?post=5003"}],"version-history":[{"count":1,"href":"https:\/\/elpueblonoticia.com.ar\/web\/wp-json\/wp\/v2\/posts\/5003\/revisions"}],"predecessor-version":[{"id":5005,"href":"https:\/\/elpueblonoticia.com.ar\/web\/wp-json\/wp\/v2\/posts\/5003\/revisions\/5005"}],"wp:featuredmedia":[{"embeddable":true,"href":"https:\/\/elpueblonoticia.com.ar\/web\/wp-json\/wp\/v2\/media\/5004"}],"wp:attachment":[{"href":"https:\/\/elpueblonoticia.com.ar\/web\/wp-json\/wp\/v2\/media?parent=5003"}],"wp:term":[{"taxonomy":"category","embeddable":true,"href":"https:\/\/elpueblonoticia.com.ar\/web\/wp-json\/wp\/v2\/categories?post=5003"},{"taxonomy":"post_tag","embeddable":true,"href":"https:\/\/elpueblonoticia.com.ar\/web\/wp-json\/wp\/v2\/tags?post=5003"}],"curies":[{"name":"wp","href":"https:\/\/api.w.org\/{rel}","templated":true}]}}