{"id":4999,"date":"2026-01-03T13:52:02","date_gmt":"2026-01-03T16:52:02","guid":{"rendered":"https:\/\/elpueblonoticia.com.ar\/web\/?p=4999"},"modified":"2026-01-03T13:52:02","modified_gmt":"2026-01-03T16:52:02","slug":"el-mensaje-de-milei-por-ano-nuevo-que-2026-sea-recordado-como-el-ano-que-haga-a-la-argentina-grande-nuevamente","status":"publish","type":"post","link":"https:\/\/elpueblonoticia.com.ar\/web\/2026\/01\/03\/el-mensaje-de-milei-por-ano-nuevo-que-2026-sea-recordado-como-el-ano-que-haga-a-la-argentina-grande-nuevamente\/","title":{"rendered":"El mensaje de milei por a\u00f1o nuevo: &#8220;Que 2026 sea recordado como el a\u00f1o que haga a la argentina grande nuevamente&#8221;"},"content":{"rendered":"<p>El Presidente envi\u00f3 un saludo en ocasi\u00f3n del nuevo comienzo, que se suma a un video en el que repas\u00f3 la primera mitad de su mandato y asegur\u00f3 que &#8220;estamos empezando a crecer&#8221;.<\/p>\n<p>El presidente\u00a0Javier Milei\u00a0envi\u00f3 un saludo por\u00a0A\u00f1o Nuevo\u00a0en el que dese\u00f3 que\u00a0&#8220;el 2026 sea recordado como el a\u00f1o en que hemos comenzado a transitar el camino que haga la Argentina grande nuevamente&#8221;\u00a0[sic].<\/p>\n<p>En un contexto de\u00a0ca\u00edda de consumo interno, cierre de empresas, deterioro de los servicios p\u00fablicos y baja de prestaciones estatales, a la vez que la clase media alta gasta d\u00f3lares en el exterior, el mandatario recurri\u00f3 a su cuenta de X para escribir un mensaje alusivo al cierre de a\u00f1o.<\/p>\n<p>&#8220;Argentinos, les deseo un muy feliz a\u00f1o nuevo&#8230;!!! Hagamos juntos que el 2026 sea recordado como el a\u00f1o en que hemos comenzado a transitar el camino que haga la Argentina grande nuevamente. VLLC!&#8221;, public\u00f3 en su cuenta de X al tiempo que sonaban las 12 campanadas.<\/p>\n<article class=\"article-body article-body--first-paragraph\">\n<h2><strong>El video de Javier Milei sobre sus dos primeros a\u00f1os de Gobierno: &#8220;Cumplimos con todas nuestras promesas de campa\u00f1a&#8221;<\/strong><\/h2>\n<p>El mensaje se complementa con el video que public\u00f3 en Tik Tok el mi\u00e9rcoles, a horas de finalizar el 2025, en el que puso el foco sobre las metas alcanzadas por su Gobierno en la primera mitad del mandato.\u00a0&#8220;Hemos cumplido con todas nuestras promesas de campa\u00f1a&#8221;, sostuvo, y agreg\u00f3:\u00a0&#8220;Estamos empezando a crecer&#8221;.<\/p>\n<\/article>\n<article class=\"article-body article-body--first-paragraph\">El mandatario hizo un breve repaso de la primera mitad de su mandato, en clave de hito de cierre de a\u00f1o.\u00a0&#8220;Habiendo terminado los dos primeros a\u00f1os de gesti\u00f3n, puedo decir orgullosamente que hemos cumplido todas las promesas de campa\u00f1a&#8221;, afirm\u00f3.<\/p>\n<\/article>\n<article class=\"article-body article-body--first-paragraph\">Luego, pas\u00f3 a enumerar los objetivos que, a criterio presidencial, han logrado en esta etapa.\u00a0&#8220;Estamos bajando la inflaci\u00f3n, estamos terminando con la inseguridad, hemos sacado a m\u00e1s del 30% de los argentinos de la pobreza, es decir, hay 14 millones de argentinos menos en la pobreza, y estamos empezando a crecer&#8221;, continu\u00f3.<\/p>\n<p>Para concluir, Milei se refiri\u00f3 a la celebraci\u00f3n de la \u00faltima noche del 2026.\u00a0&#8220;Les quiero desear felices fiestas&#8221;, expres\u00f3, y cerr\u00f3:\u00a0&#8220;Vayamos por un 2026 que sea el camino que haga a la Argentina grande otra vez. Viva la libertad, carajo&#8221;.<\/p>\n<\/article>\n","protected":false},"excerpt":{"rendered":"<p>El Presidente envi\u00f3 un saludo en ocasi\u00f3n del nuevo comienzo, que se suma a un video en el que repas\u00f3 la primera mitad de su mandato y asegur\u00f3 que &#8220;estamos empezando a crecer&#8221;. El presidente\u00a0Javier Milei\u00a0envi\u00f3 un saludo por\u00a0A\u00f1o Nuevo\u00a0en el que dese\u00f3 que\u00a0&#8220;el 2026 sea recordado como el a\u00f1o en que hemos comenzado a [&hellip;]<\/p>\n","protected":false},"author":2,"featured_media":5001,"comment_status":"open","ping_status":"open","sticky":false,"template":"","format":"standard","meta":{"footnotes":""},"categories":[66],"tags":[],"class_list":{"0":"post-4999","1":"post","2":"type-post","3":"status-publish","4":"format-standard","5":"has-post-thumbnail","7":"category-politica-nacionales"},"_links":{"self":[{"href":"https:\/\/elpueblonoticia.com.ar\/web\/wp-json\/wp\/v2\/posts\/4999","targetHints":{"allow":["GET"]}}],"collection":[{"href":"https:\/\/elpueblonoticia.com.ar\/web\/wp-json\/wp\/v2\/posts"}],"about":[{"href":"https:\/\/elpueblonoticia.com.ar\/web\/wp-json\/wp\/v2\/types\/post"}],"author":[{"embeddable":true,"href":"https:\/\/elpueblonoticia.com.ar\/web\/wp-json\/wp\/v2\/users\/2"}],"replies":[{"embeddable":true,"href":"https:\/\/elpueblonoticia.com.ar\/web\/wp-json\/wp\/v2\/comments?post=4999"}],"version-history":[{"count":2,"href":"https:\/\/elpueblonoticia.com.ar\/web\/wp-json\/wp\/v2\/posts\/4999\/revisions"}],"predecessor-version":[{"id":5002,"href":"https:\/\/elpueblonoticia.com.ar\/web\/wp-json\/wp\/v2\/posts\/4999\/revisions\/5002"}],"wp:featuredmedia":[{"embeddable":true,"href":"https:\/\/elpueblonoticia.com.ar\/web\/wp-json\/wp\/v2\/media\/5001"}],"wp:attachment":[{"href":"https:\/\/elpueblonoticia.com.ar\/web\/wp-json\/wp\/v2\/media?parent=4999"}],"wp:term":[{"taxonomy":"category","embeddable":true,"href":"https:\/\/elpueblonoticia.com.ar\/web\/wp-json\/wp\/v2\/categories?post=4999"},{"taxonomy":"post_tag","embeddable":true,"href":"https:\/\/elpueblonoticia.com.ar\/web\/wp-json\/wp\/v2\/tags?post=4999"}],"curies":[{"name":"wp","href":"https:\/\/api.w.org\/{rel}","templated":true}]}}