{"id":4990,"date":"2026-01-03T01:14:52","date_gmt":"2026-01-03T04:14:52","guid":{"rendered":"https:\/\/elpueblonoticia.com.ar\/web\/?p=4990"},"modified":"2026-01-03T01:14:52","modified_gmt":"2026-01-03T04:14:52","slug":"gran-pregunta-hasta-cuando-se-dice-feliz-ano-nuevo","status":"publish","type":"post","link":"https:\/\/elpueblonoticia.com.ar\/web\/2026\/01\/03\/gran-pregunta-hasta-cuando-se-dice-feliz-ano-nuevo\/","title":{"rendered":"Gran pregunta: \u00bfHasta cu\u00e1ndo se dice &#8220;Feliz A\u00f1o Nuevo&#8221;?"},"content":{"rendered":"<p>Hay dos corrientes: una lo extiende por unos pocos d\u00edas y otra lo permite hasta bien entrado enero.<\/p>\n<p>Celebrado el A\u00f1o Nuevo, durante estos d\u00edas es habitual saludar o despedirse de alguien con el t\u00edpico \u201cFeliz a\u00f1o\u201d o \u201cFeliz A\u00f1o Nuevo\u201d. Pero \u00bfhasta cu\u00e1ndo se ha de felicitar el nuevo a\u00f1o? \u00bfhay alguna norma protocolaria que lo contemple?<\/p>\n<h2><strong>A\u00f1o Nuevo: los que dicen que se puede decir hasta el 17 de enero<\/strong><\/h2>\n<p>Seg\u00fan la tradici\u00f3n de los refranes, con la que se guiaban nuestros antepasados, nos encontramos con el modismo &#8220;Hasta San Ant\u00f3n, Pascuas son&#8221;. As\u00ed, ser\u00eda el 17 de enero la fecha tope para decir &#8220;Feliz A\u00f1o Nuevo&#8221; y que nadie mire con cara rara.<\/p>\n<p>En los blogs del diario espa\u00f1ol 20 Minutos, Carlos J. Redondo, editor de la web www.protocolo.orgs dec\u00eda que: &#8220;Ni el protocolo ni la etiqueta contemplan una regla o norma sobre este asunto. Es una cuesti\u00f3n que tiene m\u00e1s que ver con la costumbre; que en cada lugar puede ser distinta. Lo m\u00e1s habitual es felicitar el a\u00f1o en los primero d\u00edas de enero&#8221;.<\/p>\n<h2><strong>La segunda corriente: Reyes<\/strong><\/h2>\n<p>&#8220;Generalmente, mientras duran las fiestas navide\u00f1as, hasta el d\u00eda de Reyes, aproximadamente. No obstante, puede que te encuentres a una persona unos d\u00edas despu\u00e9s, que no has visto con anterioridad, y aprovech\u00e9is para felicitaros el a\u00f1o. Si hubiera que ponerle una fecha, podr\u00edamos decir que la primera semana de enero, de forma aproximada, ser\u00eda un espacio de tiempo adecuado para felicitar el a\u00f1o nuevo&#8221;.<\/p>\n","protected":false},"excerpt":{"rendered":"<p>Hay dos corrientes: una lo extiende por unos pocos d\u00edas y otra lo permite hasta bien entrado enero. Celebrado el A\u00f1o Nuevo, durante estos d\u00edas es habitual saludar o despedirse de alguien con el t\u00edpico \u201cFeliz a\u00f1o\u201d o \u201cFeliz A\u00f1o Nuevo\u201d. Pero \u00bfhasta cu\u00e1ndo se ha de felicitar el nuevo a\u00f1o? \u00bfhay alguna norma protocolaria [&hellip;]<\/p>\n","protected":false},"author":2,"featured_media":4992,"comment_status":"open","ping_status":"open","sticky":false,"template":"","format":"standard","meta":{"footnotes":""},"categories":[78],"tags":[],"class_list":{"0":"post-4990","1":"post","2":"type-post","3":"status-publish","4":"format-standard","5":"has-post-thumbnail","7":"category-generales"},"_links":{"self":[{"href":"https:\/\/elpueblonoticia.com.ar\/web\/wp-json\/wp\/v2\/posts\/4990","targetHints":{"allow":["GET"]}}],"collection":[{"href":"https:\/\/elpueblonoticia.com.ar\/web\/wp-json\/wp\/v2\/posts"}],"about":[{"href":"https:\/\/elpueblonoticia.com.ar\/web\/wp-json\/wp\/v2\/types\/post"}],"author":[{"embeddable":true,"href":"https:\/\/elpueblonoticia.com.ar\/web\/wp-json\/wp\/v2\/users\/2"}],"replies":[{"embeddable":true,"href":"https:\/\/elpueblonoticia.com.ar\/web\/wp-json\/wp\/v2\/comments?post=4990"}],"version-history":[{"count":1,"href":"https:\/\/elpueblonoticia.com.ar\/web\/wp-json\/wp\/v2\/posts\/4990\/revisions"}],"predecessor-version":[{"id":4993,"href":"https:\/\/elpueblonoticia.com.ar\/web\/wp-json\/wp\/v2\/posts\/4990\/revisions\/4993"}],"wp:featuredmedia":[{"embeddable":true,"href":"https:\/\/elpueblonoticia.com.ar\/web\/wp-json\/wp\/v2\/media\/4992"}],"wp:attachment":[{"href":"https:\/\/elpueblonoticia.com.ar\/web\/wp-json\/wp\/v2\/media?parent=4990"}],"wp:term":[{"taxonomy":"category","embeddable":true,"href":"https:\/\/elpueblonoticia.com.ar\/web\/wp-json\/wp\/v2\/categories?post=4990"},{"taxonomy":"post_tag","embeddable":true,"href":"https:\/\/elpueblonoticia.com.ar\/web\/wp-json\/wp\/v2\/tags?post=4990"}],"curies":[{"name":"wp","href":"https:\/\/api.w.org\/{rel}","templated":true}]}}