{"id":4986,"date":"2026-01-03T00:58:54","date_gmt":"2026-01-03T03:58:54","guid":{"rendered":"https:\/\/elpueblonoticia.com.ar\/web\/?p=4986"},"modified":"2026-01-03T00:58:54","modified_gmt":"2026-01-03T03:58:54","slug":"iguazu-alcanzo-el-visitante-numero-1-500-000-en-el-parque-nacional-durante-el-2025","status":"publish","type":"post","link":"https:\/\/elpueblonoticia.com.ar\/web\/2026\/01\/03\/iguazu-alcanzo-el-visitante-numero-1-500-000-en-el-parque-nacional-durante-el-2025\/","title":{"rendered":"Iguaz\u00fa alcanz\u00f3 el visitante n\u00famero 1.500.000 en el Parque Nacional durante el 2025"},"content":{"rendered":"<p>El municipio de Iguaz\u00fa lo consider\u00f3 como &#8220;un hito alcanzado en el marco de las celebraciones de Navidad que reafirma el crecimiento sostenido del turismo en la ciudad&#8221;.<\/p>\n<p>La Municipalidad de Iguaz\u00fa celebr\u00f3 la llegada del visitante n\u00famero 1.500.000 al Parque Nacional Iguaz\u00fa y al \u00c1rea Cataratas durante el a\u00f1o 2025, se inform\u00f3 oficialmente.<\/p>\n<h2><strong>Visitante n\u00famero 1.500.000 a Cataratas del Iguaz\u00fa<\/strong><\/h2>\n<p>El municipio lo consider\u00f3 como &#8220;un hito alcanzado en el marco de las celebraciones de Navidad que reafirma el crecimiento sostenido del turismo en la ciudad&#8221;.<\/p>\n<p>&#8220;Este logro es resultado del trabajo conjunto y articulado entre el sector p\u00fablico y privado, y del esfuerzo diario de quienes desarrollan tareas dentro del Parque Nacional, junto a organismos provinciales y nacionales que acompa\u00f1an el fortalecimiento de la actividad tur\u00edstica en la regi\u00f3n&#8221;, indica un comunicado oficial.<\/p>\n<h2><strong>Iguaz\u00fa<\/strong><\/h2>\n<p>La llegada de este visitante representa un nuevo impulso para el posicionamiento de Iguaz\u00fa como destino tur\u00edstico internacional, generando empleo, desarrollo econ\u00f3mico y oportunidades para la comunidad local&#8221;, agrega el documento.<\/p>\n<p>Desde el Municipio &#8220;se reafirm\u00f3 el compromiso de continuar trabajando de manera articulada para promover un turismo responsable, sustentable y de calidad, consolidando a Iguaz\u00fa como uno de los principales destinos del pa\u00eds y del mundo&#8221;.<\/p>\n","protected":false},"excerpt":{"rendered":"<p>El municipio de Iguaz\u00fa lo consider\u00f3 como &#8220;un hito alcanzado en el marco de las celebraciones de Navidad que reafirma el crecimiento sostenido del turismo en la ciudad&#8221;. La Municipalidad de Iguaz\u00fa celebr\u00f3 la llegada del visitante n\u00famero 1.500.000 al Parque Nacional Iguaz\u00fa y al \u00c1rea Cataratas durante el a\u00f1o 2025, se inform\u00f3 oficialmente. Visitante [&hellip;]<\/p>\n","protected":false},"author":2,"featured_media":4987,"comment_status":"open","ping_status":"open","sticky":false,"template":"","format":"standard","meta":{"footnotes":""},"categories":[64],"tags":[],"class_list":{"0":"post-4986","1":"post","2":"type-post","3":"status-publish","4":"format-standard","5":"has-post-thumbnail","7":"category-nacionales"},"_links":{"self":[{"href":"https:\/\/elpueblonoticia.com.ar\/web\/wp-json\/wp\/v2\/posts\/4986","targetHints":{"allow":["GET"]}}],"collection":[{"href":"https:\/\/elpueblonoticia.com.ar\/web\/wp-json\/wp\/v2\/posts"}],"about":[{"href":"https:\/\/elpueblonoticia.com.ar\/web\/wp-json\/wp\/v2\/types\/post"}],"author":[{"embeddable":true,"href":"https:\/\/elpueblonoticia.com.ar\/web\/wp-json\/wp\/v2\/users\/2"}],"replies":[{"embeddable":true,"href":"https:\/\/elpueblonoticia.com.ar\/web\/wp-json\/wp\/v2\/comments?post=4986"}],"version-history":[{"count":1,"href":"https:\/\/elpueblonoticia.com.ar\/web\/wp-json\/wp\/v2\/posts\/4986\/revisions"}],"predecessor-version":[{"id":4988,"href":"https:\/\/elpueblonoticia.com.ar\/web\/wp-json\/wp\/v2\/posts\/4986\/revisions\/4988"}],"wp:featuredmedia":[{"embeddable":true,"href":"https:\/\/elpueblonoticia.com.ar\/web\/wp-json\/wp\/v2\/media\/4987"}],"wp:attachment":[{"href":"https:\/\/elpueblonoticia.com.ar\/web\/wp-json\/wp\/v2\/media?parent=4986"}],"wp:term":[{"taxonomy":"category","embeddable":true,"href":"https:\/\/elpueblonoticia.com.ar\/web\/wp-json\/wp\/v2\/categories?post=4986"},{"taxonomy":"post_tag","embeddable":true,"href":"https:\/\/elpueblonoticia.com.ar\/web\/wp-json\/wp\/v2\/tags?post=4986"}],"curies":[{"name":"wp","href":"https:\/\/api.w.org\/{rel}","templated":true}]}}