{"id":4977,"date":"2025-12-30T22:49:51","date_gmt":"2025-12-31T01:49:51","guid":{"rendered":"https:\/\/elpueblonoticia.com.ar\/web\/?p=4977"},"modified":"2025-12-30T22:49:51","modified_gmt":"2025-12-31T01:49:51","slug":"feria-administrativa-servicios-municipales-afectados-durante-enero","status":"publish","type":"post","link":"https:\/\/elpueblonoticia.com.ar\/web\/2025\/12\/30\/feria-administrativa-servicios-municipales-afectados-durante-enero\/","title":{"rendered":"FERIA ADMINISTRATIVA: SERVICIOS MUNICIPALES AFECTADOS DURANTE ENERO"},"content":{"rendered":"<p><strong>Interes general<\/strong><\/p>\n<p>30 de Diciembre de 2025<\/p>\n<p dir=\"ltr\"><span data-olk-copy-source=\"MessageBody\">La Municipalidad de Paso de los Libres informa a la comunidad que, en el marco de las ferias administrativas de verano 2026, el Palacio Municipal permanecer\u00e1 cerrado\u00a0<b>durante la semana comprendida entre el 5 y el 9 de enero<\/b>, inclusive.<\/span><\/p>\n<p dir=\"ltr\">Asimismo, durante ese per\u00edodo no habr\u00e1 atenci\u00f3n al p\u00fablico en las siguientes dependencias y \u00e1reas municipales:<\/p>\n<ul>\n<li dir=\"ltr\">\n<p dir=\"ltr\" role=\"presentation\">Recaudaciones<\/p>\n<\/li>\n<li dir=\"ltr\">\n<p dir=\"ltr\" role=\"presentation\">Automotor<\/p>\n<\/li>\n<li dir=\"ltr\">\n<p dir=\"ltr\" role=\"presentation\">Tesorer\u00eda<\/p>\n<\/li>\n<li dir=\"ltr\">\n<p dir=\"ltr\" role=\"presentation\">Oficina de Carnet<\/p>\n<\/li>\n<li dir=\"ltr\">\n<p dir=\"ltr\" role=\"presentation\">Tribunal de Faltas<\/p>\n<\/li>\n<li dir=\"ltr\">\n<p dir=\"ltr\" role=\"presentation\">Catastro<\/p>\n<\/li>\n<li dir=\"ltr\">\n<p dir=\"ltr\" role=\"presentation\">Comercio<\/p>\n<\/li>\n<\/ul>\n<p dir=\"ltr\">Se comunica adem\u00e1s que, a partir del\u00a0<b>12 de enero<\/b>, las actividades administrativas\u00a0<b>se retomar\u00e1n de manera limitada<\/b>, debido a la implementaci\u00f3n de un nuevo sistema de gesti\u00f3n destinado a optimizar y modernizar los servicios municipales. No obstante, se aclara que el sistema inform\u00e1tico estar\u00e1 plenamente activo a partir del\u00a020 de enero.<\/p>\n<p dir=\"ltr\">Desde el Municipio se solicita a los vecinos comprensi\u00f3n ante las posibles demoras que pudieran generarse durante este proceso de adecuaci\u00f3n, agradeciendo la colaboraci\u00f3n de la comunidad.<\/p>\n","protected":false},"excerpt":{"rendered":"<p>Interes general 30 de Diciembre de 2025 La Municipalidad de Paso de los Libres informa a la comunidad que, en el marco de las ferias administrativas de verano 2026, el Palacio Municipal permanecer\u00e1 cerrado\u00a0durante la semana comprendida entre el 5 y el 9 de enero, inclusive. Asimismo, durante ese per\u00edodo no habr\u00e1 atenci\u00f3n al p\u00fablico [&hellip;]<\/p>\n","protected":false},"author":2,"featured_media":4978,"comment_status":"open","ping_status":"open","sticky":false,"template":"","format":"standard","meta":{"footnotes":""},"categories":[77],"tags":[],"class_list":{"0":"post-4977","1":"post","2":"type-post","3":"status-publish","4":"format-standard","5":"has-post-thumbnail","7":"category-paso-de-los-libres"},"_links":{"self":[{"href":"https:\/\/elpueblonoticia.com.ar\/web\/wp-json\/wp\/v2\/posts\/4977","targetHints":{"allow":["GET"]}}],"collection":[{"href":"https:\/\/elpueblonoticia.com.ar\/web\/wp-json\/wp\/v2\/posts"}],"about":[{"href":"https:\/\/elpueblonoticia.com.ar\/web\/wp-json\/wp\/v2\/types\/post"}],"author":[{"embeddable":true,"href":"https:\/\/elpueblonoticia.com.ar\/web\/wp-json\/wp\/v2\/users\/2"}],"replies":[{"embeddable":true,"href":"https:\/\/elpueblonoticia.com.ar\/web\/wp-json\/wp\/v2\/comments?post=4977"}],"version-history":[{"count":1,"href":"https:\/\/elpueblonoticia.com.ar\/web\/wp-json\/wp\/v2\/posts\/4977\/revisions"}],"predecessor-version":[{"id":4979,"href":"https:\/\/elpueblonoticia.com.ar\/web\/wp-json\/wp\/v2\/posts\/4977\/revisions\/4979"}],"wp:featuredmedia":[{"embeddable":true,"href":"https:\/\/elpueblonoticia.com.ar\/web\/wp-json\/wp\/v2\/media\/4978"}],"wp:attachment":[{"href":"https:\/\/elpueblonoticia.com.ar\/web\/wp-json\/wp\/v2\/media?parent=4977"}],"wp:term":[{"taxonomy":"category","embeddable":true,"href":"https:\/\/elpueblonoticia.com.ar\/web\/wp-json\/wp\/v2\/categories?post=4977"},{"taxonomy":"post_tag","embeddable":true,"href":"https:\/\/elpueblonoticia.com.ar\/web\/wp-json\/wp\/v2\/tags?post=4977"}],"curies":[{"name":"wp","href":"https:\/\/api.w.org\/{rel}","templated":true}]}}