{"id":4973,"date":"2025-12-30T22:39:09","date_gmt":"2025-12-31T01:39:09","guid":{"rendered":"https:\/\/elpueblonoticia.com.ar\/web\/?p=4973"},"modified":"2025-12-30T22:39:09","modified_gmt":"2025-12-31T01:39:09","slug":"un-camion-cisterna-se-incendio-en-ruta-14","status":"publish","type":"post","link":"https:\/\/elpueblonoticia.com.ar\/web\/2025\/12\/30\/un-camion-cisterna-se-incendio-en-ruta-14\/","title":{"rendered":"Un cami\u00f3n cisterna se incendi\u00f3 en Ruta 14"},"content":{"rendered":"<p><strong>Policiales<\/strong><\/p>\n<p>30 de Diciembre de 2025<\/p>\n<h3>En la tarde de hoy, Bomberos de Juan Pujol, activaron el protocolo de emergencia.<\/h3>\n<div>Fue ante el incendio de un cami\u00f3n cisterna, ocurrido sobre Ruta Nacional N\u00b014, a la altura del kil\u00f3metro 381.<\/div>\n<div><\/div>\n<div>El aviso se recibi\u00f3 a las 15:45 horas, momento en el cual se solicit\u00f3 apoyo a los cuarteles de Bomberos de Mocoret\u00e1 y de Monte Caseros.<\/div>\n<div><\/div>\n<div>De inmediato, se desplazaron dos m\u00f3viles con un total de cinco efectivos.<\/div>\n<div><\/div>\n<div>Al arribar al lugar, el personal interviniente constat\u00f3 que se trataba de un desperfecto el\u00e9ctrico en la zona del motor del cami\u00f3n.<\/div>\n<div>\n<div>Ante esta situaci\u00f3n, bomberos de Juan pujol procedieron a levantar la cabina del veh\u00edculo y se realizaron las tareas correspondientes para controlar el principio de incendio, evitando que la situaci\u00f3n pasara a mayores.<\/div>\n<div><img loading=\"lazy\" decoding=\"async\" class=\"alignnone size-medium wp-image-4974\" src=\"https:\/\/elpueblonoticia.com.ar\/web\/wp-content\/uploads\/2025\/12\/WhatsApp-Image-2025-12-30-at-19.15.12-169x300.jpeg\" alt=\"\" width=\"169\" height=\"300\" srcset=\"https:\/\/elpueblonoticia.com.ar\/web\/wp-content\/uploads\/2025\/12\/WhatsApp-Image-2025-12-30-at-19.15.12-169x300.jpeg 169w, https:\/\/elpueblonoticia.com.ar\/web\/wp-content\/uploads\/2025\/12\/WhatsApp-Image-2025-12-30-at-19.15.12-577x1024.jpeg 577w, https:\/\/elpueblonoticia.com.ar\/web\/wp-content\/uploads\/2025\/12\/WhatsApp-Image-2025-12-30-at-19.15.12-768x1364.jpeg 768w, https:\/\/elpueblonoticia.com.ar\/web\/wp-content\/uploads\/2025\/12\/WhatsApp-Image-2025-12-30-at-19.15.12-865x1536.jpeg 865w, https:\/\/elpueblonoticia.com.ar\/web\/wp-content\/uploads\/2025\/12\/WhatsApp-Image-2025-12-30-at-19.15.12-1153x2048.jpeg 1153w, https:\/\/elpueblonoticia.com.ar\/web\/wp-content\/uploads\/2025\/12\/WhatsApp-Image-2025-12-30-at-19.15.12-236x420.jpeg 236w, https:\/\/elpueblonoticia.com.ar\/web\/wp-content\/uploads\/2025\/12\/WhatsApp-Image-2025-12-30-at-19.15.12-696x1236.jpeg 696w, https:\/\/elpueblonoticia.com.ar\/web\/wp-content\/uploads\/2025\/12\/WhatsApp-Image-2025-12-30-at-19.15.12-1068x1897.jpeg 1068w, https:\/\/elpueblonoticia.com.ar\/web\/wp-content\/uploads\/2025\/12\/WhatsApp-Image-2025-12-30-at-19.15.12-scaled.jpeg 1441w\" sizes=\"auto, (max-width: 169px) 100vw, 169px\" \/><\/div>\n<div><\/div>\n<div>No se registraron personas lesionadas.<\/div>\n<div><\/div>\n<div>Bomberos de Mocoret\u00e1.<\/div>\n<\/div>\n","protected":false},"excerpt":{"rendered":"<p>Policiales 30 de Diciembre de 2025 En la tarde de hoy, Bomberos de Juan Pujol, activaron el protocolo de emergencia. Fue ante el incendio de un cami\u00f3n cisterna, ocurrido sobre Ruta Nacional N\u00b014, a la altura del kil\u00f3metro 381. El aviso se recibi\u00f3 a las 15:45 horas, momento en el cual se solicit\u00f3 apoyo a [&hellip;]<\/p>\n","protected":false},"author":2,"featured_media":4975,"comment_status":"open","ping_status":"open","sticky":false,"template":"","format":"standard","meta":{"footnotes":""},"categories":[72],"tags":[],"class_list":{"0":"post-4973","1":"post","2":"type-post","3":"status-publish","4":"format-standard","5":"has-post-thumbnail","7":"category-provinciales"},"_links":{"self":[{"href":"https:\/\/elpueblonoticia.com.ar\/web\/wp-json\/wp\/v2\/posts\/4973","targetHints":{"allow":["GET"]}}],"collection":[{"href":"https:\/\/elpueblonoticia.com.ar\/web\/wp-json\/wp\/v2\/posts"}],"about":[{"href":"https:\/\/elpueblonoticia.com.ar\/web\/wp-json\/wp\/v2\/types\/post"}],"author":[{"embeddable":true,"href":"https:\/\/elpueblonoticia.com.ar\/web\/wp-json\/wp\/v2\/users\/2"}],"replies":[{"embeddable":true,"href":"https:\/\/elpueblonoticia.com.ar\/web\/wp-json\/wp\/v2\/comments?post=4973"}],"version-history":[{"count":1,"href":"https:\/\/elpueblonoticia.com.ar\/web\/wp-json\/wp\/v2\/posts\/4973\/revisions"}],"predecessor-version":[{"id":4976,"href":"https:\/\/elpueblonoticia.com.ar\/web\/wp-json\/wp\/v2\/posts\/4973\/revisions\/4976"}],"wp:featuredmedia":[{"embeddable":true,"href":"https:\/\/elpueblonoticia.com.ar\/web\/wp-json\/wp\/v2\/media\/4975"}],"wp:attachment":[{"href":"https:\/\/elpueblonoticia.com.ar\/web\/wp-json\/wp\/v2\/media?parent=4973"}],"wp:term":[{"taxonomy":"category","embeddable":true,"href":"https:\/\/elpueblonoticia.com.ar\/web\/wp-json\/wp\/v2\/categories?post=4973"},{"taxonomy":"post_tag","embeddable":true,"href":"https:\/\/elpueblonoticia.com.ar\/web\/wp-json\/wp\/v2\/tags?post=4973"}],"curies":[{"name":"wp","href":"https:\/\/api.w.org\/{rel}","templated":true}]}}