{"id":4964,"date":"2025-12-30T22:04:55","date_gmt":"2025-12-31T01:04:55","guid":{"rendered":"https:\/\/elpueblonoticia.com.ar\/web\/?p=4964"},"modified":"2025-12-30T22:06:27","modified_gmt":"2025-12-31T01:06:27","slug":"el-hecho-fue-denunciado-en-la-manana-del-martes-roberto-ramon-tolosa-oriundo-de-la-provincia-de-buenos-aires-segun-las-primeras-actuaciones-policiales-el-hombre-habria-discutido-con-su-pareja-qui","status":"publish","type":"post","link":"https:\/\/elpueblonoticia.com.ar\/web\/2025\/12\/30\/el-hecho-fue-denunciado-en-la-manana-del-martes-roberto-ramon-tolosa-oriundo-de-la-provincia-de-buenos-aires-segun-las-primeras-actuaciones-policiales-el-hombre-habria-discutido-con-su-pareja-qui\/","title":{"rendered":"Un hombre se quit\u00f3 la vida en el barrio El Sol"},"content":{"rendered":"<p><strong>Policiales<\/strong><\/p>\n<p>30 de Diciembre de 2025<\/p>\n<p>El hecho fue denunciado en la ma\u00f1ana del martes. Roberto Ram\u00f3n Tolosa, oriundo de la provincia de Buenos Aires. Seg\u00fan las primeras actuaciones policiales, el hombre habr\u00eda discutido con su pareja, quien se retir\u00f3 de la vivienda en la que conviv\u00edan. Al regresar a la casa, encontr\u00f3 al hombre, colgado en el sector del dormitorio. La causa se instruye por \u201cSupuesto Suicidio por ahorcamiento\u201d. Intervino la Comisar\u00eda 1\u00aa<\/p>\n<p>Seg\u00fan la informaci\u00f3n policial, Roberto Ram\u00f3n Tolosa de 49 a\u00f1os de edad, oriundo de la provincia de Buenos Aires, hace cuatro meses resid\u00eda en el Barrio El Sol de esta ciudad, junto a su pareja, Mar\u00eda de los \u00c1ngeles Ayala, con qui\u00e9n discuti\u00f3 en la v\u00edspera retir\u00e1ndose la misma de la vivienda en la fecha, siendo las 11:30 hs. cuando regresa a la casa y encuentra colgado al hombre en el sector del dormitorio.<\/p>\n<p>Se llevaron a cabo las pericias de rigor en el lugar, a cargo de la Comisar\u00eda 1\u00ba. La causa se instruye por \u201cSupuesto Suicidio por ahorcamiento\u201d.<\/p>\n<p>Intervino el Fiscal de Investigaciones Concretas. Dr. Facundo Sotelo.<\/p>\n<p>&nbsp;<\/p>\n","protected":false},"excerpt":{"rendered":"<p>Policiales 30 de Diciembre de 2025 El hecho fue denunciado en la ma\u00f1ana del martes. Roberto Ram\u00f3n Tolosa, oriundo de la provincia de Buenos Aires. Seg\u00fan las primeras actuaciones policiales, el hombre habr\u00eda discutido con su pareja, quien se retir\u00f3 de la vivienda en la que conviv\u00edan. Al regresar a la casa, encontr\u00f3 al hombre, [&hellip;]<\/p>\n","protected":false},"author":2,"featured_media":4965,"comment_status":"open","ping_status":"open","sticky":false,"template":"","format":"standard","meta":{"footnotes":""},"categories":[77],"tags":[],"class_list":{"0":"post-4964","1":"post","2":"type-post","3":"status-publish","4":"format-standard","5":"has-post-thumbnail","7":"category-paso-de-los-libres"},"_links":{"self":[{"href":"https:\/\/elpueblonoticia.com.ar\/web\/wp-json\/wp\/v2\/posts\/4964","targetHints":{"allow":["GET"]}}],"collection":[{"href":"https:\/\/elpueblonoticia.com.ar\/web\/wp-json\/wp\/v2\/posts"}],"about":[{"href":"https:\/\/elpueblonoticia.com.ar\/web\/wp-json\/wp\/v2\/types\/post"}],"author":[{"embeddable":true,"href":"https:\/\/elpueblonoticia.com.ar\/web\/wp-json\/wp\/v2\/users\/2"}],"replies":[{"embeddable":true,"href":"https:\/\/elpueblonoticia.com.ar\/web\/wp-json\/wp\/v2\/comments?post=4964"}],"version-history":[{"count":3,"href":"https:\/\/elpueblonoticia.com.ar\/web\/wp-json\/wp\/v2\/posts\/4964\/revisions"}],"predecessor-version":[{"id":4968,"href":"https:\/\/elpueblonoticia.com.ar\/web\/wp-json\/wp\/v2\/posts\/4964\/revisions\/4968"}],"wp:featuredmedia":[{"embeddable":true,"href":"https:\/\/elpueblonoticia.com.ar\/web\/wp-json\/wp\/v2\/media\/4965"}],"wp:attachment":[{"href":"https:\/\/elpueblonoticia.com.ar\/web\/wp-json\/wp\/v2\/media?parent=4964"}],"wp:term":[{"taxonomy":"category","embeddable":true,"href":"https:\/\/elpueblonoticia.com.ar\/web\/wp-json\/wp\/v2\/categories?post=4964"},{"taxonomy":"post_tag","embeddable":true,"href":"https:\/\/elpueblonoticia.com.ar\/web\/wp-json\/wp\/v2\/tags?post=4964"}],"curies":[{"name":"wp","href":"https:\/\/api.w.org\/{rel}","templated":true}]}}