{"id":4961,"date":"2025-12-29T08:36:43","date_gmt":"2025-12-29T11:36:43","guid":{"rendered":"https:\/\/elpueblonoticia.com.ar\/web\/?p=4961"},"modified":"2025-12-29T08:36:43","modified_gmt":"2025-12-29T11:36:43","slug":"hallaron-los-cuerpos-de-dos-hombres-que-desaparecieron-de-la-superficie-acuatica","status":"publish","type":"post","link":"https:\/\/elpueblonoticia.com.ar\/web\/2025\/12\/29\/hallaron-los-cuerpos-de-dos-hombres-que-desaparecieron-de-la-superficie-acuatica\/","title":{"rendered":"Hallaron los cuerpos de dos hombres que desaparecieron de la superficie acu\u00e1tica"},"content":{"rendered":"<p><strong>Policiales<\/strong><\/p>\n<p>29 de Diciembre de 2025<\/p>\n<h3>En la ma\u00f1ana de ayer 28 de diciembre efectivos policiales de la Comisar\u00eda de Distrito Tercera de Ituzaing\u00f3.<\/h3>\n<div>Tomaron conocimiento del hallazgo de los cuerpos sin vida de dos hombres que habr\u00edan desaparecido de la superficie acu\u00e1tica\u00a0en la v\u00edspera.<\/div>\n<div><\/div>\n<div>Cabe recordar, que en la tarde de ayer, dos personas de 23 y 35 a\u00f1os de edad, tras ingresar aparentemente a refrescarse en las aguas del r\u00edo Paran\u00e1 sobre la bajada de calle 12, en el barrio La Florida.<\/div>\n<div><\/div>\n<div>Por causas y circunstancias que se desconocen, habr\u00edan desaparecido de la superficie acu\u00e1tica.<\/div>\n<div><\/div>\n<div>Por lo que, el personal de Prefectura Naval Argentina, realiz\u00f3 la b\u00fasqueda con buzos t\u00e1cticos y en la ma\u00f1ana de hoy hallaron ambos cuerpos sin vida.<\/div>\n<div><\/div>\n<div>Con la intervenci\u00f3n de la unidad fiscal en turno, en la citada dependencia se contin\u00faan con los tr\u00e1mites de rigor.<\/div>\n","protected":false},"excerpt":{"rendered":"<p>Policiales 29 de Diciembre de 2025 En la ma\u00f1ana de ayer 28 de diciembre efectivos policiales de la Comisar\u00eda de Distrito Tercera de Ituzaing\u00f3. Tomaron conocimiento del hallazgo de los cuerpos sin vida de dos hombres que habr\u00edan desaparecido de la superficie acu\u00e1tica\u00a0en la v\u00edspera. Cabe recordar, que en la tarde de ayer, dos personas [&hellip;]<\/p>\n","protected":false},"author":2,"featured_media":4962,"comment_status":"open","ping_status":"open","sticky":false,"template":"","format":"standard","meta":{"footnotes":""},"categories":[68],"tags":[],"class_list":{"0":"post-4961","1":"post","2":"type-post","3":"status-publish","4":"format-standard","5":"has-post-thumbnail","7":"category-policiales-nacionales"},"_links":{"self":[{"href":"https:\/\/elpueblonoticia.com.ar\/web\/wp-json\/wp\/v2\/posts\/4961","targetHints":{"allow":["GET"]}}],"collection":[{"href":"https:\/\/elpueblonoticia.com.ar\/web\/wp-json\/wp\/v2\/posts"}],"about":[{"href":"https:\/\/elpueblonoticia.com.ar\/web\/wp-json\/wp\/v2\/types\/post"}],"author":[{"embeddable":true,"href":"https:\/\/elpueblonoticia.com.ar\/web\/wp-json\/wp\/v2\/users\/2"}],"replies":[{"embeddable":true,"href":"https:\/\/elpueblonoticia.com.ar\/web\/wp-json\/wp\/v2\/comments?post=4961"}],"version-history":[{"count":1,"href":"https:\/\/elpueblonoticia.com.ar\/web\/wp-json\/wp\/v2\/posts\/4961\/revisions"}],"predecessor-version":[{"id":4963,"href":"https:\/\/elpueblonoticia.com.ar\/web\/wp-json\/wp\/v2\/posts\/4961\/revisions\/4963"}],"wp:featuredmedia":[{"embeddable":true,"href":"https:\/\/elpueblonoticia.com.ar\/web\/wp-json\/wp\/v2\/media\/4962"}],"wp:attachment":[{"href":"https:\/\/elpueblonoticia.com.ar\/web\/wp-json\/wp\/v2\/media?parent=4961"}],"wp:term":[{"taxonomy":"category","embeddable":true,"href":"https:\/\/elpueblonoticia.com.ar\/web\/wp-json\/wp\/v2\/categories?post=4961"},{"taxonomy":"post_tag","embeddable":true,"href":"https:\/\/elpueblonoticia.com.ar\/web\/wp-json\/wp\/v2\/tags?post=4961"}],"curies":[{"name":"wp","href":"https:\/\/api.w.org\/{rel}","templated":true}]}}