{"id":4956,"date":"2025-12-29T08:10:07","date_gmt":"2025-12-29T11:10:07","guid":{"rendered":"https:\/\/elpueblonoticia.com.ar\/web\/?p=4956"},"modified":"2025-12-29T08:10:07","modified_gmt":"2025-12-29T11:10:07","slug":"ano-nuevo-la-municipalidad-recuerda-los-horarios-del-servicio-de-recoleccion-de-residuos","status":"publish","type":"post","link":"https:\/\/elpueblonoticia.com.ar\/web\/2025\/12\/29\/ano-nuevo-la-municipalidad-recuerda-los-horarios-del-servicio-de-recoleccion-de-residuos\/","title":{"rendered":"A\u00d1O NUEVO: LA MUNICIPALIDAD RECUERDA LOS HORARIOS DEL SERVICIO DE RECOLECCI\u00d3N DE RESIDUOS"},"content":{"rendered":"<p><strong>Interes general<\/strong><\/p>\n<p>29 de Diciembre de 2025<\/p>\n<p data-olk-copy-source=\"MessageBody\">La Municipalidad de Paso de los Libres recuerda a la comunidad los horarios especiales del servicio de recolecci\u00f3n de residuos domiciliarios con motivo de los festejos de A\u00f1o Nuevo, con el objetivo de mantener el orden, la limpieza y el cuidado del espacio p\u00fablico.<\/p>\n<p>Seg\u00fan lo establecido, el\u00a0<strong>mi\u00e9rcoles 31 de diciembre<\/strong>\u00a0el servicio funcionar\u00e1 con normalidad durante el\u00a0<strong>turno ma\u00f1ana<\/strong>, mientras que el\u00a0<strong>servicio nocturno se adelantar\u00e1<\/strong>, comenzando a partir de las\u00a0<strong>13:00 horas<\/strong>.<\/p>\n<p>En tanto, el\u00a0<strong>jueves 1 de enero<\/strong>\u00a0<strong>no habr\u00e1 servicio de recolecci\u00f3n de residuos<\/strong>, por lo que se solicita a los vecinos y vecinas no sacar los residuos a la v\u00eda p\u00fablica durante esa jornada.<\/p>\n<p>Desde el Municipio se agradece la colaboraci\u00f3n de la comunidad y se recuerda que, con el compromiso de todos, es posible construir una ciudad m\u00e1s limpia y ordenada durante las fiestas.<\/p>\n","protected":false},"excerpt":{"rendered":"<p>Interes general 29 de Diciembre de 2025 La Municipalidad de Paso de los Libres recuerda a la comunidad los horarios especiales del servicio de recolecci\u00f3n de residuos domiciliarios con motivo de los festejos de A\u00f1o Nuevo, con el objetivo de mantener el orden, la limpieza y el cuidado del espacio p\u00fablico. Seg\u00fan lo establecido, el\u00a0mi\u00e9rcoles [&hellip;]<\/p>\n","protected":false},"author":2,"featured_media":4957,"comment_status":"open","ping_status":"open","sticky":false,"template":"","format":"standard","meta":{"footnotes":""},"categories":[77],"tags":[],"class_list":{"0":"post-4956","1":"post","2":"type-post","3":"status-publish","4":"format-standard","5":"has-post-thumbnail","7":"category-paso-de-los-libres"},"_links":{"self":[{"href":"https:\/\/elpueblonoticia.com.ar\/web\/wp-json\/wp\/v2\/posts\/4956","targetHints":{"allow":["GET"]}}],"collection":[{"href":"https:\/\/elpueblonoticia.com.ar\/web\/wp-json\/wp\/v2\/posts"}],"about":[{"href":"https:\/\/elpueblonoticia.com.ar\/web\/wp-json\/wp\/v2\/types\/post"}],"author":[{"embeddable":true,"href":"https:\/\/elpueblonoticia.com.ar\/web\/wp-json\/wp\/v2\/users\/2"}],"replies":[{"embeddable":true,"href":"https:\/\/elpueblonoticia.com.ar\/web\/wp-json\/wp\/v2\/comments?post=4956"}],"version-history":[{"count":1,"href":"https:\/\/elpueblonoticia.com.ar\/web\/wp-json\/wp\/v2\/posts\/4956\/revisions"}],"predecessor-version":[{"id":4958,"href":"https:\/\/elpueblonoticia.com.ar\/web\/wp-json\/wp\/v2\/posts\/4956\/revisions\/4958"}],"wp:featuredmedia":[{"embeddable":true,"href":"https:\/\/elpueblonoticia.com.ar\/web\/wp-json\/wp\/v2\/media\/4957"}],"wp:attachment":[{"href":"https:\/\/elpueblonoticia.com.ar\/web\/wp-json\/wp\/v2\/media?parent=4956"}],"wp:term":[{"taxonomy":"category","embeddable":true,"href":"https:\/\/elpueblonoticia.com.ar\/web\/wp-json\/wp\/v2\/categories?post=4956"},{"taxonomy":"post_tag","embeddable":true,"href":"https:\/\/elpueblonoticia.com.ar\/web\/wp-json\/wp\/v2\/tags?post=4956"}],"curies":[{"name":"wp","href":"https:\/\/api.w.org\/{rel}","templated":true}]}}